{"id":7666,"date":"2020-07-27T21:29:00","date_gmt":"2020-07-28T00:29:00","guid":{"rendered":"http:\/\/www.toque-musicall.com\/?p=7666"},"modified":"2020-07-29T21:34:28","modified_gmt":"2020-07-30T00:34:28","slug":"abel-ferreira-sax-e-clarineta-1976","status":"publish","type":"post","link":"https:\/\/www.toque-musicall.com\/?p=7666","title":{"rendered":"Abel Ferreira &#8211; Sax E Clarineta (1976)"},"content":{"rendered":"\n<figure class=\"wp-block-image size-large\"><img decoding=\"async\" src=\"https:\/\/1.bp.blogspot.com\/-Hix3jVr2w68\/XyH-k8NA5GI\/AAAAAAAARq4\/CFrNeiBurjwGqcvCj1jPJOmFh_wrImd5gCLcBGAsYHQ\/s640\/Anota%25C3%25A7%25C3%25A3o%2B2020-07-29%2B195105.jpg\" alt=\"\"\/><\/figure>\n\n\n\n<figure class=\"wp-block-image size-large\"><img decoding=\"async\" src=\"https:\/\/1.bp.blogspot.com\/-DdvU4dNlClU\/XyH-lMD7KNI\/AAAAAAAARq8\/m6uaI1BaEgYMBbyTJiN_qlET6zzIwTpWwCLcBGAsYHQ\/s640\/Anota%25C3%25A7%25C3%25A3o%2B2020-07-29%2B195329.jpg\" alt=\"\"\/><\/figure>\n\n\n<p>Boa noite, companheiros, amigos cultos e ocultos! Em outras \u00e9pocas e nessa altura do m\u00eas de julho n\u00f3s aqui do Toque Musical j\u00e1 estar\u00edamos em festa comemorando nosso anivers\u00e1rio. Mas, confesso, a cada ano tudo isso vai deixando de fazer sentido. T\u00e1 tudo t\u00e3o ruim nesse mundo e neste Brasil que eu ando bem desanimado. Al\u00e9m do mais muita coisa mudou ao longo de todo esse tempo. At\u00e9 mesmo a intera\u00e7\u00e3o direta atrav\u00e9s de coment\u00e1rios n\u00f3s temos mais. Por\u00e9m, seguimos em frente&#8230;<br>Hoje eu trago um disco que h\u00e1 muito eu queria ter postado aqui. Ali\u00e1s, os discos do selo Marcus Pereira s\u00e3o bem a cara do Toque Musical. J\u00e1 trouxemos v\u00e1rios aqui e desta vez temos o &#8220;Brasil, Sax e Clarineta&#8221;, mais um disco do clarinetista mineiro, Abel Ferreira. Este \u00e9 um disco que dispensa maiores apresenta\u00e7\u00f5es, pois al\u00e9m de j\u00e1 ter sido bem divulgado em outras fontes, tr\u00e1s tamb\u00e9m a ficha completa na contracapa. Um aut\u00eantico disco de chorinho com um repert\u00f3rio cl\u00e1ssico e recheado de bambas do Choro. Disco, claro, que n\u00e3o poderia faltar por aqui \ud83d\ude42 Confiram no GTM&#8230;<\/p>\n<div>corta jaca<\/div>\n<div>sorriso de cristal<\/div>\n<div>machucando<\/div>\n<div>rapaziada do br\u00e1s<\/div>\n<div>chorando baixinho<\/div>\n<div>andr\u00e9 de sapato novo<\/div>\n<div>cochichando<\/div>\n<div>sai da frente<\/div>\n<div>haroldo no choro<\/div>\n<div>luar de coromandel<\/div>\n<div>saxofone porque choras<\/div>\n<div>alma brasileira<\/div>\n<div>&nbsp;<\/div>\n<p>.<\/p>","protected":false},"excerpt":{"rendered":"<p>Boa noite, companheiros, amigos cultos e ocultos! Em outras \u00e9pocas e nessa altura do m\u00eas de julho n\u00f3s aqui do Toque Musical j\u00e1 estar\u00edamos em festa comemorando nosso anivers\u00e1rio. Mas, confesso, a cada ano tudo isso vai deixando de fazer &hellip; <a href=\"https:\/\/www.toque-musicall.com\/?p=7666\">Continue lendo <span class=\"meta-nav\">&rarr;<\/span><\/a><\/p>\n","protected":false},"author":1,"featured_media":0,"comment_status":"closed","ping_status":"closed","sticky":false,"template":"","format":"standard","meta":{"footnotes":""},"categories":[125,795],"tags":[3795,3794],"class_list":["post-7666","post","type-post","status-publish","format-standard","hentry","category-abel-ferreira","category-selo-discos-marcus-pereira","tag-abel-ferreira","tag-selo-marcus-pereira"],"_links":{"self":[{"href":"https:\/\/www.toque-musicall.com\/index.php?rest_route=\/wp\/v2\/posts\/7666","targetHints":{"allow":["GET"]}}],"collection":[{"href":"https:\/\/www.toque-musicall.com\/index.php?rest_route=\/wp\/v2\/posts"}],"about":[{"href":"https:\/\/www.toque-musicall.com\/index.php?rest_route=\/wp\/v2\/types\/post"}],"author":[{"embeddable":true,"href":"https:\/\/www.toque-musicall.com\/index.php?rest_route=\/wp\/v2\/users\/1"}],"replies":[{"embeddable":true,"href":"https:\/\/www.toque-musicall.com\/index.php?rest_route=%2Fwp%2Fv2%2Fcomments&post=7666"}],"version-history":[{"count":2,"href":"https:\/\/www.toque-musicall.com\/index.php?rest_route=\/wp\/v2\/posts\/7666\/revisions"}],"predecessor-version":[{"id":7668,"href":"https:\/\/www.toque-musicall.com\/index.php?rest_route=\/wp\/v2\/posts\/7666\/revisions\/7668"}],"wp:attachment":[{"href":"https:\/\/www.toque-musicall.com\/index.php?rest_route=%2Fwp%2Fv2%2Fmedia&parent=7666"}],"wp:term":[{"taxonomy":"category","embeddable":true,"href":"https:\/\/www.toque-musicall.com\/index.php?rest_route=%2Fwp%2Fv2%2Fcategories&post=7666"},{"taxonomy":"post_tag","embeddable":true,"href":"https:\/\/www.toque-musicall.com\/index.php?rest_route=%2Fwp%2Fv2%2Ftags&post=7666"}],"curies":[{"name":"wp","href":"https:\/\/api.w.org\/{rel}","templated":true}]}}