{"id":7669,"date":"2020-07-28T21:34:00","date_gmt":"2020-07-29T00:34:00","guid":{"rendered":"http:\/\/www.toque-musicall.com\/?p=7669"},"modified":"2020-07-29T21:36:51","modified_gmt":"2020-07-30T00:36:51","slug":"joao-de-aquino-terreiro-grande-1978","status":"publish","type":"post","link":"https:\/\/www.toque-musicall.com\/?p=7669","title":{"rendered":"Jo\u00e3o de Aquino &#8211; Terreiro Grande (1978)"},"content":{"rendered":"\n<figure class=\"wp-block-image size-large\"><img decoding=\"async\" src=\"https:\/\/1.bp.blogspot.com\/-ntDwckQufwA\/XyIEnAqPf_I\/AAAAAAAARrI\/OdvlxrbB9z0--vvh-Lv85I-mDlyJex2QwCLcBGAsYHQ\/s640\/Anota%25C3%25A7%25C3%25A3o%2B2020-01-01%2B141251.jpg\" alt=\"\"\/><\/figure>\n\n\n\n<figure class=\"wp-block-image size-large\"><img decoding=\"async\" src=\"https:\/\/1.bp.blogspot.com\/-nHAen92ND5s\/XyIEnQR8bjI\/AAAAAAAARrM\/DILaXuAUrqQFXi90jJBMT7PeAKlQSoibwCLcBGAsYHQ\/s640\/Anota%25C3%25A7%25C3%25A3o%2B2020-01-01%2B141341.jpg\" alt=\"\"\/><\/figure>\n\n\n<p>Sejam bem vindos, amiguinhos cultos e ocultos! Na semana de anivers\u00e1rio o que n\u00e3o pode faltar \u00e9 m\u00fasica boa. Isso, na verdade, nunca falta por aqui, mas em momentos especiais a gente conta com discos especiais, artistas especiais&#8230; E assim, mais uma vez trago para abrilhantar nosso espa\u00e7o musical o genial Jo\u00e3o de Aquino, um artista que infelizmente n\u00e3o tem o destaque que merece, mas sem d\u00favida o que n\u00e3o lhe falta \u00e9 o merecimento. O cara \u00e9 um tremendo instrumentista, compositor e produtor. Seus discos s\u00e3o sempre obras de primeir\u00edssima qualidade. Um artista para gente grande, com certeza! Neste \u00e1lbum &#8220;Terreiro Grande&#8221; Jo\u00e3o de Aquino expressa toda a sua negritude, suas ra\u00edzes africanas e por que n\u00e3o dizer, baianas. Disco maravilhoso para se ouvir de cabo a rabo e repetir. N\u00e3o deixem de conferir no nosso Grupo do Toque Musical&#8230;<\/p>\n<div>terreira grande<\/div>\n<div>cobra cainana<\/div>\n<div>ya\u00f4<\/div>\n<div>cabe\u00e7a feita<\/div>\n<div>s\u00e3o salvador<\/div>\n<div>afox\u00e9<\/div>\n<div>poeira pura<\/div>\n<div>sou de yorub\u00e1<\/div>\n<div>capoeira e sambas de roda<\/div>\n<div>ax\u00f4 du du<\/div>\n<p>\u00a0<\/p>","protected":false},"excerpt":{"rendered":"<p>Sejam bem vindos, amiguinhos cultos e ocultos! Na semana de anivers\u00e1rio o que n\u00e3o pode faltar \u00e9 m\u00fasica boa. Isso, na verdade, nunca falta por aqui, mas em momentos especiais a gente conta com discos especiais, artistas especiais&#8230; E assim, &hellip; <a href=\"https:\/\/www.toque-musicall.com\/?p=7669\">Continue lendo <span class=\"meta-nav\">&rarr;<\/span><\/a><\/p>\n","protected":false},"author":1,"featured_media":0,"comment_status":"closed","ping_status":"closed","sticky":false,"template":"","format":"standard","meta":{"footnotes":""},"categories":[900,624],"tags":[3413,3583],"class_list":["post-7669","post","type-post","status-publish","format-standard","hentry","category-joao-de-aquino","category-selo-epic","tag-joao-de-aquino","tag-selo-epic"],"_links":{"self":[{"href":"https:\/\/www.toque-musicall.com\/index.php?rest_route=\/wp\/v2\/posts\/7669","targetHints":{"allow":["GET"]}}],"collection":[{"href":"https:\/\/www.toque-musicall.com\/index.php?rest_route=\/wp\/v2\/posts"}],"about":[{"href":"https:\/\/www.toque-musicall.com\/index.php?rest_route=\/wp\/v2\/types\/post"}],"author":[{"embeddable":true,"href":"https:\/\/www.toque-musicall.com\/index.php?rest_route=\/wp\/v2\/users\/1"}],"replies":[{"embeddable":true,"href":"https:\/\/www.toque-musicall.com\/index.php?rest_route=%2Fwp%2Fv2%2Fcomments&post=7669"}],"version-history":[{"count":1,"href":"https:\/\/www.toque-musicall.com\/index.php?rest_route=\/wp\/v2\/posts\/7669\/revisions"}],"predecessor-version":[{"id":7670,"href":"https:\/\/www.toque-musicall.com\/index.php?rest_route=\/wp\/v2\/posts\/7669\/revisions\/7670"}],"wp:attachment":[{"href":"https:\/\/www.toque-musicall.com\/index.php?rest_route=%2Fwp%2Fv2%2Fmedia&parent=7669"}],"wp:term":[{"taxonomy":"category","embeddable":true,"href":"https:\/\/www.toque-musicall.com\/index.php?rest_route=%2Fwp%2Fv2%2Fcategories&post=7669"},{"taxonomy":"post_tag","embeddable":true,"href":"https:\/\/www.toque-musicall.com\/index.php?rest_route=%2Fwp%2Fv2%2Ftags&post=7669"}],"curies":[{"name":"wp","href":"https:\/\/api.w.org\/{rel}","templated":true}]}}