{"id":7671,"date":"2020-07-29T17:28:00","date_gmt":"2020-07-29T20:28:00","guid":{"rendered":"http:\/\/www.toque-musicall.com\/?p=7671"},"modified":"2020-07-30T17:44:34","modified_gmt":"2020-07-30T20:44:34","slug":"bossa-nova-at-carnegie-hall-1982","status":"publish","type":"post","link":"https:\/\/www.toque-musicall.com\/?p=7671","title":{"rendered":"Bossa Nova At Carnegie Hall (1982)"},"content":{"rendered":"\n<figure class=\"wp-block-image size-large\"><img decoding=\"async\" src=\"https:\/\/1.bp.blogspot.com\/-k3aNWoPN1pA\/XyMX1C0GpJI\/AAAAAAAARr0\/5Euannkg4nw6oF_fBin7ELSiehMwxsrwQCLcBGAsYHQ\/s640\/Anota%25C3%25A7%25C3%25A3o%2B2020-07-30%2B110241.jpg\" alt=\"\"\/><\/figure>\n\n\n\n<figure class=\"wp-block-image size-large\"><img decoding=\"async\" src=\"https:\/\/1.bp.blogspot.com\/-uvOSoxnPfLA\/XyMYIXJ_ldI\/AAAAAAAARsE\/_ZzqOzKaKpwkqdMnnyS_kvd6xh6ATvpVwCLcBGAsYHQ\/s640\/Anota%25C3%25A7%25C3%25A3o%2B2020-07-30%2B110211.jpg\" alt=\"\"\/><\/figure>\n\n\n<div class=\"article-content entry-content\">Bom dia, amigos cultos e ocultos! Hoje eu vou postar aqui este disco cl\u00e1ssico, a apresenta\u00e7\u00e3oda Bossa Nova nos &#8216;States&#8217;. Este \u00e9 um lp que sempre faltou por aqui, mas de t\u00e3o rodado acabou ficando fora das nossas fileiras. E teria at\u00e9 ficado, n\u00e3o encontrasse eu algum pretexto para public\u00e1-lo, estamos na semana de anivers\u00e1rio, na verdade na v\u00e9spera de completarmos 13 anos de toques musicais. Diante disso, porque n\u00e3o postarmos esse lp? Certamente, todos que gostam de Bossa Nova j\u00e1 ouviu esse disco que \u00e9 um show ao vivo, no qual est\u00e3o presente e em destaque alguns dos maiores nomes do g\u00eanero. Bossa Nova no Carnegie Hall \u00e9 um acontecimento hist\u00f3rico, um disco que n\u00e3o pode faltar em nenhuma discoteca. Vamos curtir esse juntos. Confiram no GTM&#8230;<\/div>\n<div class=\"article-content entry-content\">\n<div>&nbsp;<\/div>\n<div>samba de uma nota s\u00f3 &#8211; sexteto de sergio mendes<\/div>\n<div>bossa nova york &#8211; carmen costa, bola sete e jos\u00e9 paulo<\/div>\n<div>zel\u00e3o &#8211; sergio ricardo<\/div>\n<div>n\u00e3o faz assim &#8211; quarteto de oscar castro neves<\/div>\n<div>influencia do jazz &#8211; quarteto de oscar castro neves<\/div>\n<div>manh\u00e3 de carnaval &#8211; luiz bonf\u00e1<\/div>\n<div>manh\u00e3 de carnaval &#8211; agostinho dos santos, luiz bonf\u00e1 e quarteto de oscar castro neves<\/div>\n<div>a felicidade &#8211; agostinho dos santos, luiz bonf\u00e1 e quarteto&nbsp; de oscar castro neves<\/div>\n<div>outra vez &#8211; jo\u00e3o gilberto e milton banana<\/div>\n<div>influencia do jazz &#8211; carlos lyra e quarteto de oscar castro neves<\/div>\n<div>ah se eu pudesse &#8211; ana l\u00facia e quarteto de oscar castro neves<\/div>\n<div>bossa nova em nova york &#8211; caetano zama e quarteto de oscar castro neves<\/div>\n<div>barquinho &#8211; roberto menescal e quarteto de oscar castro neves<\/div>\n<div>amor no samba &#8211; normando e quarteto de oscar castro neves<\/div>\n<div>passarinho &#8211; chico feitosa e quarteto de oscar castro neves<\/div>\n<div>&nbsp;<\/div>\n<p>.<\/p>\n<\/div>\n<div class=\"article-footer\">&nbsp;<\/div>\n\n\n<p><\/p>\n","protected":false},"excerpt":{"rendered":"<p>Bom dia, amigos cultos e ocultos! Hoje eu vou postar aqui este disco cl\u00e1ssico, a apresenta\u00e7\u00e3oda Bossa Nova nos &#8216;States&#8217;. Este \u00e9 um lp que sempre faltou por aqui, mas de t\u00e3o rodado acabou ficando fora das nossas fileiras. E &hellip; <a href=\"https:\/\/www.toque-musicall.com\/?p=7671\">Continue lendo <span class=\"meta-nav\">&rarr;<\/span><\/a><\/p>\n","protected":false},"author":1,"featured_media":0,"comment_status":"closed","ping_status":"closed","sticky":false,"template":"","format":"standard","meta":{"footnotes":""},"categories":[3798,3796,455,427],"tags":[3670],"class_list":["post-7671","post","type-post","status-publish","format-standard","hentry","category-bossa-nova-at-carnegie-hall","category-maximo-da-bossa","category-selo-audio-fidelity","category-selo-elenco","tag-selo-audio-fidelity"],"_links":{"self":[{"href":"https:\/\/www.toque-musicall.com\/index.php?rest_route=\/wp\/v2\/posts\/7671","targetHints":{"allow":["GET"]}}],"collection":[{"href":"https:\/\/www.toque-musicall.com\/index.php?rest_route=\/wp\/v2\/posts"}],"about":[{"href":"https:\/\/www.toque-musicall.com\/index.php?rest_route=\/wp\/v2\/types\/post"}],"author":[{"embeddable":true,"href":"https:\/\/www.toque-musicall.com\/index.php?rest_route=\/wp\/v2\/users\/1"}],"replies":[{"embeddable":true,"href":"https:\/\/www.toque-musicall.com\/index.php?rest_route=%2Fwp%2Fv2%2Fcomments&post=7671"}],"version-history":[{"count":4,"href":"https:\/\/www.toque-musicall.com\/index.php?rest_route=\/wp\/v2\/posts\/7671\/revisions"}],"predecessor-version":[{"id":7678,"href":"https:\/\/www.toque-musicall.com\/index.php?rest_route=\/wp\/v2\/posts\/7671\/revisions\/7678"}],"wp:attachment":[{"href":"https:\/\/www.toque-musicall.com\/index.php?rest_route=%2Fwp%2Fv2%2Fmedia&parent=7671"}],"wp:term":[{"taxonomy":"category","embeddable":true,"href":"https:\/\/www.toque-musicall.com\/index.php?rest_route=%2Fwp%2Fv2%2Fcategories&post=7671"},{"taxonomy":"post_tag","embeddable":true,"href":"https:\/\/www.toque-musicall.com\/index.php?rest_route=%2Fwp%2Fv2%2Ftags&post=7671"}],"curies":[{"name":"wp","href":"https:\/\/api.w.org\/{rel}","templated":true}]}}