{"id":7675,"date":"2020-07-30T17:40:14","date_gmt":"2020-07-30T20:40:14","guid":{"rendered":"http:\/\/www.toque-musicall.com\/?p=7675"},"modified":"2020-07-30T17:42:25","modified_gmt":"2020-07-30T20:42:25","slug":"maximo-da-bossa-1967","status":"publish","type":"post","link":"https:\/\/www.toque-musicall.com\/?p=7675","title":{"rendered":"M\u00e1ximo Da Bossa (1967)"},"content":{"rendered":"\n<figure class=\"wp-block-image size-large\"><img decoding=\"async\" src=\"https:\/\/1.bp.blogspot.com\/-uwgQvbQ-dig\/XyMjGoNzS1I\/AAAAAAAARsY\/IIYNyBK14mkHhDvCpeeFBUWS0X9atIgEgCLcBGAsYHQ\/s640\/Anota%25C3%25A7%25C3%25A3o%2B2020-07-30%2B103713.jpg\" alt=\"\"\/><\/figure>\n\n\n\n<figure class=\"wp-block-image size-large\"><img decoding=\"async\" src=\"https:\/\/1.bp.blogspot.com\/-hU80zxCyooY\/XyMjMeS-99I\/AAAAAAAARsc\/Z8_rHKpfVzUEQ1OD8eKfQaDZ3IGEIpAUwCLcBGAsYHQ\/s640\/Anota%25C3%25A7%25C3%25A3o%2B2020-07-30%2B103528.jpg\" alt=\"\"\/><\/figure>\n\n\n<div class=\"article-content entry-content\">Boa tarde a todos os amigos cultos e ocultos! Aqui estamos n\u00f3s completando hoje 13 anos de atividades, 13 anos de Toque Musical. E para festejar, ou melhor, n\u00e3o deixar passar como apenas mais um dia, eu hoje estou trazendo para nossa postagem especial este box\/caixa lan\u00e7ada em 1967 pelo editorial da Sele\u00e7\u00f5es, do Readers Digest. Uma produ\u00e7\u00e3o associada a Alo\u00edsio de Oliveira e seu selo Elenco. Aqui temos reunidos dez lps, discos esses lan\u00e7ados pela gravadora na primeira metade dos anos 60 e aqui novamente apresentados nessa rica caixa. Um primor que s\u00f3 peca pela falta de um encarte, um libreto com maiores informa\u00e7\u00f5es, seja sobre a Bossa Nova, seja sobre os artistas e m\u00fasicas contidas nessa sele\u00e7\u00e3o. Por certo, trata-se de um projeto que se limita aos artistas da Bossa Nova que gravaram&nbsp; pela Elenco e nem de todo \u00e9 um disco de Bossa Nova. Tem bossa, mas \u00e9 samba, samba com batido de bossa. Mas, quem melhor aqui para explicar sobre o que \u00e9 a Bossa Nova do que o pr\u00f3prio Alo\u00edsio de Oliveira? Nesta, ele nos reservou um disco inteiro, o primeiro que abre a cole\u00e7\u00e3o e nos apresenta uma defini\u00e7\u00e3o do que \u00e9 esse g\u00eanero, mostrando v\u00e1rios exemplos e tamb\u00e9m entrevistando alguns dos artistas que fazem parte desses discos.<br>Essa cole\u00e7\u00e3o \u00e9 sem d\u00favida hist\u00f3rica, important\u00edssima, b\u00e1sica para todo apreciador da m\u00fasica popular brasileira. Curiosamente, n\u00e3o recebeu sua devida import\u00e2ncia, tanto por seu conte\u00fado quanto pela quantidade. Um box raro de se ver e de se ouvir, no sentido de volume e qualidade. Ainda hoje \u00e9 poss\u00edvel encontrar essa edi\u00e7\u00e3o por menos de 100 reais, em sebos e pelos mercados livres da vida.<br>A\u00ed est\u00e1 um presente legal, que n\u00e3o \u00e9 novidade, mas cabe bem em nossa comemora\u00e7\u00e3o.<br>Por ser uma postagem especial, de anivers\u00e1rio, n\u00e3o vou me dar ao trabalho de listar as faixas. \u00c9 muita m\u00fasica! Melhor focar no GTM \ud83d\ude09 Abra\u00e7o a todos e vamos para mais 13 anos \ud83d\ude09<p><\/p>\n<p>.<\/p><\/div>\n<div class=\"article-footer\">&nbsp;<\/div>","protected":false},"excerpt":{"rendered":"<p>Boa tarde a todos os amigos cultos e ocultos! Aqui estamos n\u00f3s completando hoje 13 anos de atividades, 13 anos de Toque Musical. E para festejar, ou melhor, n\u00e3o deixar passar como apenas mais um dia, eu hoje estou trazendo &hellip; <a href=\"https:\/\/www.toque-musicall.com\/?p=7675\">Continue lendo <span class=\"meta-nav\">&rarr;<\/span><\/a><\/p>\n","protected":false},"author":1,"featured_media":0,"comment_status":"closed","ping_status":"closed","sticky":false,"template":"","format":"standard","meta":{"footnotes":""},"categories":[3796,427,1],"tags":[3797,3338],"class_list":["post-7675","post","type-post","status-publish","format-standard","hentry","category-maximo-da-bossa","category-selo-elenco","category-sem-categoria","tag-maximo-da-bossa","tag-selo-elenco"],"_links":{"self":[{"href":"https:\/\/www.toque-musicall.com\/index.php?rest_route=\/wp\/v2\/posts\/7675","targetHints":{"allow":["GET"]}}],"collection":[{"href":"https:\/\/www.toque-musicall.com\/index.php?rest_route=\/wp\/v2\/posts"}],"about":[{"href":"https:\/\/www.toque-musicall.com\/index.php?rest_route=\/wp\/v2\/types\/post"}],"author":[{"embeddable":true,"href":"https:\/\/www.toque-musicall.com\/index.php?rest_route=\/wp\/v2\/users\/1"}],"replies":[{"embeddable":true,"href":"https:\/\/www.toque-musicall.com\/index.php?rest_route=%2Fwp%2Fv2%2Fcomments&post=7675"}],"version-history":[{"count":2,"href":"https:\/\/www.toque-musicall.com\/index.php?rest_route=\/wp\/v2\/posts\/7675\/revisions"}],"predecessor-version":[{"id":7677,"href":"https:\/\/www.toque-musicall.com\/index.php?rest_route=\/wp\/v2\/posts\/7675\/revisions\/7677"}],"wp:attachment":[{"href":"https:\/\/www.toque-musicall.com\/index.php?rest_route=%2Fwp%2Fv2%2Fmedia&parent=7675"}],"wp:term":[{"taxonomy":"category","embeddable":true,"href":"https:\/\/www.toque-musicall.com\/index.php?rest_route=%2Fwp%2Fv2%2Fcategories&post=7675"},{"taxonomy":"post_tag","embeddable":true,"href":"https:\/\/www.toque-musicall.com\/index.php?rest_route=%2Fwp%2Fv2%2Ftags&post=7675"}],"curies":[{"name":"wp","href":"https:\/\/api.w.org\/{rel}","templated":true}]}}