{"id":7685,"date":"2020-07-31T00:11:00","date_gmt":"2020-07-31T03:11:00","guid":{"rendered":"http:\/\/www.toque-musicall.com\/?p=7685"},"modified":"2020-08-05T00:14:57","modified_gmt":"2020-08-05T03:14:57","slug":"helvius-vilela-planalto-dos-cristais-1983","status":"publish","type":"post","link":"https:\/\/www.toque-musicall.com\/?p=7685","title":{"rendered":"Helvius Vilela &#8211; Planalto Dos Cristais (1983)"},"content":{"rendered":"\n<figure class=\"wp-block-image size-large\"><img decoding=\"async\" src=\"https:\/\/1.bp.blogspot.com\/-zQJOBmz52Ns\/XydPLwcug5I\/AAAAAAAARtA\/MgHut9Ms2k0tstrrawoVy-LQlMSzfH_rQCLcBGAsYHQ\/s640\/Anota%25C3%25A7%25C3%25A3o%2B2020-07-28%2B220243.jpg\" alt=\"\"\/><\/figure>\n\n\n\n<figure class=\"wp-block-image size-large\"><img decoding=\"async\" src=\"https:\/\/1.bp.blogspot.com\/-AroqDFkJqNc\/XydPL6XZweI\/AAAAAAAARtE\/WkM7vLhYtLc-eXKHiI99JNcqlquEQaPbQCLcBGAsYHQ\/s640\/Anota%25C3%25A7%25C3%25A3o%2B2020-07-28%2B220404.jpg\" alt=\"\"\/><\/figure>\n\n\n<p>Boa noite meus queridos amigos cultos e ocultos! Quero agradecer as dezenas, talvez porque n\u00e3o dizer, centena de mensagens e e-mails recebidos por conta dos 13 anos do nosso Toque Musical. Valeu demais, meus caros! Agrade\u00e7o a todos, em especial aqueles que sempre colaboraram de uma forma ou de outra para que nosso projeto se mantivesse vivo at\u00e9 hoje. Valeu e continua valendo! \ud83d\ude42<br \/>Abrindo mais ano temos, para come\u00e7ar, um disco nota dez. Nada como um trabalho autoral onde o artista atua em todas as frentes desde a concep\u00e7\u00e3o, interpreta\u00e7\u00e3o e produ\u00e7\u00e3o. E nesse caso n\u00e3o se trata de qualquer um n\u00e3o. Estamos falando aqui de um dos grandes m\u00fasicos mineiros, o pianista, compositor e produtor Helvius Vilela, figura importante na hist\u00f3ria da m\u00fasica mineira e que alcan\u00e7ou proje\u00e7\u00e3o nacional gra\u00e7as ao seu talento. Tocou com grandes nomes da m\u00fasica popular brasileira. Nos anos 60 fez parte do Tempo Trio, grupo de bossa cujo disco hoje \u00e9 uma raridade. Nos anos 60 ele esteve na bossa, nos 70 nos discos de muita gente da mpb em geral e nos anos 80 passa a se dedicar a m\u00fasica instrumental. &#8220;Planalto dos Cristais&#8221; foi seu \u00fanico disco solo, realizado em 1983 numa produ\u00e7\u00e3o independente. Acompanhado por um time de m\u00fasicos tamb\u00e9m de primeir\u00edssima ele nos apresenta um trabalho instrumental, influencias jazz\u00edsticas, eruditas e populares. Um disco muito agrad\u00e1vel e com o inconfund\u00edvel sabor mineiro. N\u00e3o deixem de conferir&#8230;<\/p>\n<div>soledade<\/div>\n<div>fruto generoso<\/div>\n<div>o coronel e o lobisomem<\/div>\n<div>rua java<\/div>\n<div>nove de fevereiro<\/div>\n<div>planalto dos cristais<\/div>\n<div>diminuto<\/div>\n<div>choro<\/div>\n<div>companheira<\/div>\n<p><br \/>.<\/p>","protected":false},"excerpt":{"rendered":"<p>Boa noite meus queridos amigos cultos e ocultos! Quero agradecer as dezenas, talvez porque n\u00e3o dizer, centena de mensagens e e-mails recebidos por conta dos 13 anos do nosso Toque Musical. Valeu demais, meus caros! Agrade\u00e7o a todos, em especial &hellip; <a href=\"https:\/\/www.toque-musicall.com\/?p=7685\">Continue lendo <span class=\"meta-nav\">&rarr;<\/span><\/a><\/p>\n","protected":false},"author":1,"featured_media":0,"comment_status":"closed","ping_status":"closed","sticky":false,"template":"","format":"standard","meta":{"footnotes":""},"categories":[3800,25],"tags":[3017],"class_list":["post-7685","post","type-post","status-publish","format-standard","hentry","category-helvius-vilela","category-selo-independente","tag-selo-independente"],"_links":{"self":[{"href":"https:\/\/www.toque-musicall.com\/index.php?rest_route=\/wp\/v2\/posts\/7685","targetHints":{"allow":["GET"]}}],"collection":[{"href":"https:\/\/www.toque-musicall.com\/index.php?rest_route=\/wp\/v2\/posts"}],"about":[{"href":"https:\/\/www.toque-musicall.com\/index.php?rest_route=\/wp\/v2\/types\/post"}],"author":[{"embeddable":true,"href":"https:\/\/www.toque-musicall.com\/index.php?rest_route=\/wp\/v2\/users\/1"}],"replies":[{"embeddable":true,"href":"https:\/\/www.toque-musicall.com\/index.php?rest_route=%2Fwp%2Fv2%2Fcomments&post=7685"}],"version-history":[{"count":1,"href":"https:\/\/www.toque-musicall.com\/index.php?rest_route=\/wp\/v2\/posts\/7685\/revisions"}],"predecessor-version":[{"id":7686,"href":"https:\/\/www.toque-musicall.com\/index.php?rest_route=\/wp\/v2\/posts\/7685\/revisions\/7686"}],"wp:attachment":[{"href":"https:\/\/www.toque-musicall.com\/index.php?rest_route=%2Fwp%2Fv2%2Fmedia&parent=7685"}],"wp:term":[{"taxonomy":"category","embeddable":true,"href":"https:\/\/www.toque-musicall.com\/index.php?rest_route=%2Fwp%2Fv2%2Fcategories&post=7685"},{"taxonomy":"post_tag","embeddable":true,"href":"https:\/\/www.toque-musicall.com\/index.php?rest_route=%2Fwp%2Fv2%2Ftags&post=7685"}],"curies":[{"name":"wp","href":"https:\/\/api.w.org\/{rel}","templated":true}]}}