{"id":769,"date":"2010-08-01T22:27:00","date_gmt":"2010-08-01T22:27:00","guid":{"rendered":"http:\/\/www.toque-musicall.com\/?p=769"},"modified":"2010-08-01T22:27:00","modified_gmt":"2010-08-01T22:27:00","slug":"sergio-e-eduardo-abreu-os-violoes-de-sergio-e-eduardo-abreu-1971","status":"publish","type":"post","link":"https:\/\/www.toque-musicall.com\/?p=769","title":{"rendered":"Sergio E Eduardo Abreu &#8211; Os Viol\u00f5es De Sergio E Eduardo Abreu (1971)"},"content":{"rendered":"<p><a href=\"http:\/\/1.bp.blogspot.com\/_DSKVEvHtskc\/TFX1DkCLptI\/AAAAAAAAGz8\/cK3X_h9MzE0\/s1600\/sergio+e+eduardo+P.JPG\"><img decoding=\"async\" style=\"TEXT-ALIGN: center; MARGIN: 0px auto 10px; WIDTH: 391px; DISPLAY: block; HEIGHT: 400px; CURSOR: hand\" id=\"BLOGGER_PHOTO_ID_5500571961464170194\" border=\"0\" alt=\"\" src=\"http:\/\/1.bp.blogspot.com\/_DSKVEvHtskc\/TFX1DkCLptI\/AAAAAAAAGz8\/cK3X_h9MzE0\/s400\/sergio+e+eduardo+P.JPG\" \/><\/a>Opa! Cheguei a tempo&#8230; Domingo \u00e9 assim, um dia imprevis\u00edvel, nunca se o que vai rolar na programa\u00e7\u00e3o. Acabei tendo a minha agenda toda tomada e s\u00f3 agora fiquei liberado. Vamos l\u00e1&#8230;<br \/>Antes de tudo, mais uma vez eu quero agradecer aos amigos e visitantes casuais do blog. Se estamos aqui a tr\u00eas anos e cada vez crescendo mais, \u00e9 uma prova de que estamos agradando \ud83d\ude09<br \/>Sendo hoje um domingo e j\u00e1 entrado para um fim de noite, pensei em darmos ouvidos ao um batido de viol\u00e3o diferente. Na verdade s\u00e3o dois viol\u00f5es, dois excelentes instrumentistas e irm\u00e3os, interpretando obras de Telemann, Scarlatti, Bach, Scheidler, al\u00e9m de compositores espanh\u00f3is como Fernado Sor, Enrique Granados, Joaqu\u00edn Rodrigo e Isaac Alb\u00e9niz. Sergio e Eduardo Abreu foi um duo do viol\u00e3o cl\u00e1ssico dos mais promissores nos anos 60 e 70. Reconhecidos internacionalmente, excursionaram pela Europa e Estados Unidos. Estudaram com Adolfina Raitzin de T\u00e1vora, antiga aluna de Andr\u00e9s Segovia. Eu n\u00e3o sei bem o motivo, mas ainda na d\u00e9cada de 70 eles se separaram. Eduardo resolveu seguir a carreira cient\u00edfica e o Sergio tornou-se um dos mais conceituados luthiers brasileiros. Me parece tamb\u00e9m que eles n\u00e3o chegaram a gravar muita coisa. Um amigo me enviou as outras grava\u00e7\u00f5es deles. Se voc\u00eas gostarem, acredito que estar\u00e3o dispon\u00edveis. Ou\u00e7am este disco, lan\u00e7ado pela CBS em 1971. Muito bom. Bom para um fim de noite. At\u00e9 amanh\u00e3 \ud83d\ude42<\/p>\n<div align=\"center\"> anon: drewries accordes<\/div>\n<div align=\"center\">anon: le rossignal<\/div>\n<div align=\"center\">telemann: canon<\/div>\n<div align=\"center\">scarlatti: pastorale<\/div>\n<div align=\"center\">bach: prel\u00fadio n. 3<\/div>\n<div align=\"center\">scheidler: sonata em r\u00e9<\/div>\n<div align=\"center\">sor: tema e varia\u00e7\u00f5es<\/div>\n<div align=\"center\">granados: intermezzo<\/div>\n<div align=\"center\">rodrigo: tonadilla<\/div>\n<div align=\"center\">albeniz: evoca\u00e7\u00e3o<\/div>\n<div align=\"center\">de falla: dan\u00e7a espanhola<\/div>\n<div align=\"center\"> <\/div>\n<div align=\"center\"> <\/div>\n","protected":false},"excerpt":{"rendered":"<p>Opa! Cheguei a tempo&#8230; Domingo \u00e9 assim, um dia imprevis\u00edvel, nunca se o que vai rolar na programa\u00e7\u00e3o. Acabei tendo a minha agenda toda tomada e s\u00f3 agora fiquei liberado. Vamos l\u00e1&#8230;Antes de tudo, mais uma vez eu quero agradecer &hellip; <a href=\"https:\/\/www.toque-musicall.com\/?p=769\">Continue lendo <span class=\"meta-nav\">&rarr;<\/span><\/a><\/p>\n","protected":false},"author":1,"featured_media":0,"comment_status":"open","ping_status":"closed","sticky":false,"template":"","format":"standard","meta":{"footnotes":""},"categories":[1069],"tags":[],"class_list":["post-769","post","type-post","status-publish","format-standard","hentry","category-sergio-e-eduardo-abreu"],"_links":{"self":[{"href":"https:\/\/www.toque-musicall.com\/index.php?rest_route=\/wp\/v2\/posts\/769","targetHints":{"allow":["GET"]}}],"collection":[{"href":"https:\/\/www.toque-musicall.com\/index.php?rest_route=\/wp\/v2\/posts"}],"about":[{"href":"https:\/\/www.toque-musicall.com\/index.php?rest_route=\/wp\/v2\/types\/post"}],"author":[{"embeddable":true,"href":"https:\/\/www.toque-musicall.com\/index.php?rest_route=\/wp\/v2\/users\/1"}],"replies":[{"embeddable":true,"href":"https:\/\/www.toque-musicall.com\/index.php?rest_route=%2Fwp%2Fv2%2Fcomments&post=769"}],"version-history":[{"count":0,"href":"https:\/\/www.toque-musicall.com\/index.php?rest_route=\/wp\/v2\/posts\/769\/revisions"}],"wp:attachment":[{"href":"https:\/\/www.toque-musicall.com\/index.php?rest_route=%2Fwp%2Fv2%2Fmedia&parent=769"}],"wp:term":[{"taxonomy":"category","embeddable":true,"href":"https:\/\/www.toque-musicall.com\/index.php?rest_route=%2Fwp%2Fv2%2Fcategories&post=769"},{"taxonomy":"post_tag","embeddable":true,"href":"https:\/\/www.toque-musicall.com\/index.php?rest_route=%2Fwp%2Fv2%2Ftags&post=769"}],"curies":[{"name":"wp","href":"https:\/\/api.w.org\/{rel}","templated":true}]}}