{"id":7692,"date":"2020-08-03T08:08:00","date_gmt":"2020-08-03T11:08:00","guid":{"rendered":"http:\/\/www.toque-musicall.com\/?p=7692"},"modified":"2020-08-08T08:15:42","modified_gmt":"2020-08-08T11:15:42","slug":"liderato-o-rato-que-era-lider-197","status":"publish","type":"post","link":"https:\/\/www.toque-musicall.com\/?p=7692","title":{"rendered":"Liderato &#8211; O Rato Que Era Lider (197&#8230;)"},"content":{"rendered":"\n<figure class=\"wp-block-image size-large\"><img decoding=\"async\" src=\"https:\/\/1.bp.blogspot.com\/-G1A_34Pr14I\/XyzFz9JhtnI\/AAAAAAAARuU\/h0gvxCOdpigD-AVDYZNM_Qd08CVT9eMIQCLcBGAsYHQ\/s640\/Anota%25C3%25A7%25C3%25A3o%2B2020-08-07%2B000521.jpg\" alt=\"\"\/><\/figure>\n\n\n\n<figure class=\"wp-block-image size-large\"><img decoding=\"async\" src=\"https:\/\/1.bp.blogspot.com\/-dT8IMzOPYRs\/XyzF0GhkH1I\/AAAAAAAARuY\/TFAbx2JQTTUBANT9stvk9iCnuL8mhcLlQCLcBGAsYHQ\/s640\/Anota%25C3%25A7%25C3%25A3o%2B2020-08-07%2B000828.jpg\" alt=\"\"\/><\/figure>\n\n\n<p>Boa noite, fi\u00e9is amigos cultos e ocultos! No balaio do &#8216;tudo que conv\u00e9m&#8217;, eu hoje vou de historinha infantil. \u00c9, isso mesmo, mais uma curiosidade que voc\u00eas s\u00f3 v\u00e3o ver (e ouvir) por aqui. Olha a\u00ed, chamem as crian\u00e7as. Vamos todos ouvir a hist\u00f3ria de Lederato, o rato que era l\u00edder. Uma historinha bem atual, uma f\u00e1bula pol\u00edtica que muito cabe nos dias atuais. Esta hist\u00f3ria \u00e9 de Andr\u00e9 de Carvalho e Gilberto Mansur. A m\u00fasica tema \u00e9 uma composi\u00e7\u00e3o de A\u00e9cio Fl\u00e1vio e letra de Andr\u00e9 Carvalho.<br>Para facilitar a vida de todos, o \u00e1udio est\u00e1 num arquivo apenas, integral. Confiram no GTM!<\/p>\n<div>liderato o rato que era l\u00edder<\/div>\n<p><\/p>","protected":false},"excerpt":{"rendered":"<p>Boa noite, fi\u00e9is amigos cultos e ocultos! No balaio do &#8216;tudo que conv\u00e9m&#8217;, eu hoje vou de historinha infantil. \u00c9, isso mesmo, mais uma curiosidade que voc\u00eas s\u00f3 v\u00e3o ver (e ouvir) por aqui. Olha a\u00ed, chamem as crian\u00e7as. Vamos &hellip; <a href=\"https:\/\/www.toque-musicall.com\/?p=7692\">Continue lendo <span class=\"meta-nav\">&rarr;<\/span><\/a><\/p>\n","protected":false},"author":1,"featured_media":0,"comment_status":"closed","ping_status":"closed","sticky":false,"template":"","format":"standard","meta":{"footnotes":""},"categories":[3808,982,3807,257],"tags":[3809,3806,3804,3397],"class_list":["post-7692","post","type-post","status-publish","format-standard","hentry","category-aecio-flavio-2","category-infantil","category-liderato","category-selo-bemol","tag-aecio-flavio-3","tag-infantil","tag-liderato","tag-selo-bemol"],"_links":{"self":[{"href":"https:\/\/www.toque-musicall.com\/index.php?rest_route=\/wp\/v2\/posts\/7692","targetHints":{"allow":["GET"]}}],"collection":[{"href":"https:\/\/www.toque-musicall.com\/index.php?rest_route=\/wp\/v2\/posts"}],"about":[{"href":"https:\/\/www.toque-musicall.com\/index.php?rest_route=\/wp\/v2\/types\/post"}],"author":[{"embeddable":true,"href":"https:\/\/www.toque-musicall.com\/index.php?rest_route=\/wp\/v2\/users\/1"}],"replies":[{"embeddable":true,"href":"https:\/\/www.toque-musicall.com\/index.php?rest_route=%2Fwp%2Fv2%2Fcomments&post=7692"}],"version-history":[{"count":2,"href":"https:\/\/www.toque-musicall.com\/index.php?rest_route=\/wp\/v2\/posts\/7692\/revisions"}],"predecessor-version":[{"id":7694,"href":"https:\/\/www.toque-musicall.com\/index.php?rest_route=\/wp\/v2\/posts\/7692\/revisions\/7694"}],"wp:attachment":[{"href":"https:\/\/www.toque-musicall.com\/index.php?rest_route=%2Fwp%2Fv2%2Fmedia&parent=7692"}],"wp:term":[{"taxonomy":"category","embeddable":true,"href":"https:\/\/www.toque-musicall.com\/index.php?rest_route=%2Fwp%2Fv2%2Fcategories&post=7692"},{"taxonomy":"post_tag","embeddable":true,"href":"https:\/\/www.toque-musicall.com\/index.php?rest_route=%2Fwp%2Fv2%2Ftags&post=7692"}],"curies":[{"name":"wp","href":"https:\/\/api.w.org\/{rel}","templated":true}]}}