{"id":77,"date":"2012-05-01T21:05:00","date_gmt":"2012-05-01T21:05:00","guid":{"rendered":"http:\/\/www.toque-musicall.com\/?p=77"},"modified":"2012-05-01T21:05:00","modified_gmt":"2012-05-01T21:05:00","slug":"caetano-veloso-e-fagner-tom-jobim-e-joao-bosco-disco-de-bolso-1972-repost","status":"publish","type":"post","link":"https:\/\/www.toque-musicall.com\/?p=77","title":{"rendered":"Caetano Veloso E Fagner \u2013 Tom Jobim E Jo\u00e3o Bosco &#8211; Disco De Bolso (1972) REPOST"},"content":{"rendered":"<div style=\"clear: both; text-align: center;\"><a href=\"http:\/\/3.bp.blogspot.com\/-khmkVQ7XPI0\/T6BOIa_YepI\/AAAAAAAAB0Q\/W_y-RmbAuCA\/s1600\/folder.jpg\" style=\"margin-left: 1em; margin-right: 1em;\"><img loading=\"lazy\" decoding=\"async\" border=\"0\" height=\"400\" src=\"http:\/\/3.bp.blogspot.com\/-khmkVQ7XPI0\/T6BOIa_YepI\/AAAAAAAAB0Q\/W_y-RmbAuCA\/s400\/folder.jpg\" width=\"393\" \/><\/a><\/div>\n<div style=\"clear: both; text-align: center;\"><a href=\"http:\/\/3.bp.blogspot.com\/-DBUqhfVMhVA\/T6BOvjdxHoI\/AAAAAAAAB0g\/l2V5-VDcbuw\/s1600\/folder.jpg\" style=\"margin-left: 1em; margin-right: 1em;\"><img loading=\"lazy\" decoding=\"async\" border=\"0\" height=\"397\" src=\"http:\/\/3.bp.blogspot.com\/-DBUqhfVMhVA\/T6BOvjdxHoI\/AAAAAAAAB0g\/l2V5-VDcbuw\/s400\/folder.jpg\" width=\"400\" \/><\/a><\/div>\n<div style=\"clear: both; text-align: center;\"><\/div>\n<p><\/p>\n<div style=\"line-height: 21px; margin-bottom: 10px; margin-left: auto; margin-right: auto; margin-top: 10px; padding-bottom: 0px; padding-left: 0px; padding-right: 0px; padding-top: 0px;\"><span style=\"font-family: Georgia, 'Times New Roman', serif;\">Bom dia, amigos cultos e ocultos! Ontem eu fiquei t\u00e3o animado com a colet\u00e2nea de compactos e achei por bem manter \u2018o clima\u2019 tamb\u00e9m no domingo. Desta vez n\u00e3o se trata de colet\u00e2nea, mas sim dos dois compactos da s\u00e9rie \u201cDisco de Bolso\u201d. Para os que n\u00e3o sabem, o projeto \u201cDisco de Bolso\u201d foi idealizado por S\u00e9rgio Ricardo e o pessoal do jornal O Pasquim em 1972. Era uma esp\u00e9cie de revista, com suas folhas em papel jornal, trazendo em seu interior um disco compacto. Neste disco vinham apenas duas m\u00fasicas, de um lado um artista celebrado e do outro um novato. A ideia, segundo o S\u00e9rgio Ricardo, partiu da necessidade de sair de um esquema montado pelo \u2018Sistema de Comunica\u00e7\u00f5es\u2019, o controle e imposi\u00e7\u00e3o da televis\u00e3o. Apenas quem fazia sucesso em festival \u00e9 que acontecia. Isso, para n\u00e3o falar da mediocridade reinante na ind\u00fastria fonogr\u00e1fica, apresentando apenas aquilo que fosse realmente vend\u00e1vel. Foi ent\u00e3o lan\u00e7ado o primeiro n\u00famero, trazendo no compacto Tom Jobim e o at\u00e9 ent\u00e3o desconhecido Jo\u00e3o Bosco. Tom apresenta, em primeira m\u00e3o, a sua recente e in\u00e9dita cria\u00e7\u00e3o, \u201c\u00c1guas de Mar\u00e7o\u201d. Jo\u00e3o Bosco, o estreante, vem com \u201cAgnus Sei\u201d, despertando a aten\u00e7\u00e3o de todos (esse tem futuro!). O segundo disco da s\u00e9rie n\u00e3o foi muito diferente do primeiro. De um lado Caetano Veloso canta (ao vivo) \u201cA volta da Asa Branca\u201d, de Luiz Gonzaga. Do outro lado, outro desconhecido at\u00e9 ent\u00e3o, Raimundo Fagner. Aqui ele canta uma vers\u00e3o solo de \u201cMucuripe\u201d, composi\u00e7\u00e3o sua em parceria com Belchior. A s\u00e9rie \u201cDisco de Bolso\u201d ficou mesmo s\u00f3 nesses dois n\u00fameros. O terceiro volume seria (e j\u00e1 estava pronto) Geraldo Vandr\u00e9 e Elomar. O quarto Egberto Gismonti e Geraldo Vandr\u00e9. At\u00e9 o quinto j\u00e1 estava planejado, Gilberto Gil e Alceu Valen\u00e7a. Acabaram n\u00e3o vingando por diferentes motivos, mas principalmente por conta da repress\u00e3o do Governo da \u00e9poca, que via naquele projeto algo bem mais que musical ou art\u00edstico. Tendo S\u00e9rgio Ricardo e o Pasquim como mentores, tudo isso j\u00e1 era previs\u00edvel. Em menos de um ano os milicos deram fim ao que podia ter sido uma bel\u00edssima cole\u00e7\u00e3o.<\/span><\/div>\n<div style=\"line-height: 21px; margin-bottom: 10px; margin-left: auto; margin-right: auto; margin-top: 10px; padding-bottom: 0px; padding-left: 0px; padding-right: 0px; padding-top: 0px; text-align: center;\"><span style=\"font-family: Georgia, 'Times New Roman', serif;\">disco 1<\/span><\/div>\n<div style=\"line-height: 21px; margin-bottom: 10px; margin-left: auto; margin-right: auto; margin-top: 10px; padding-bottom: 0px; padding-left: 0px; padding-right: 0px; padding-top: 0px; text-align: center;\"><span style=\"font-family: Georgia, 'Times New Roman', serif;\">tom jobim \u2013 \u00e1guas de mar\u00e7o<\/span><\/div>\n<div style=\"line-height: 21px; margin-bottom: 10px; margin-left: auto; margin-right: auto; margin-top: 10px; padding-bottom: 0px; padding-left: 0px; padding-right: 0px; padding-top: 0px; text-align: center;\"><span style=\"font-family: Georgia, 'Times New Roman', serif;\">jo\u00e3o bosco \u2013 agnus sei<\/span><\/div>\n<div style=\"line-height: 21px; margin-bottom: 10px; margin-left: auto; margin-right: auto; margin-top: 10px; padding-bottom: 0px; padding-left: 0px; padding-right: 0px; padding-top: 0px; text-align: center;\"><span style=\"font-family: Georgia, 'Times New Roman', serif;\">disco 2<\/span><\/div>\n<div style=\"line-height: 21px; margin-bottom: 10px; margin-left: auto; margin-right: auto; margin-top: 10px; padding-bottom: 0px; padding-left: 0px; padding-right: 0px; padding-top: 0px; text-align: center;\"><span style=\"font-family: Georgia, 'Times New Roman', serif;\">caetano veloso \u2013 a volta da asa branca<\/span><\/div>\n<div style=\"line-height: 21px; margin-bottom: 10px; margin-left: auto; margin-right: auto; margin-top: 10px; padding-bottom: 0px; padding-left: 0px; padding-right: 0px; padding-top: 0px; text-align: center;\"><span style=\"font-family: Georgia, 'Times New Roman', serif;\">fagner \u2013 mucuripe<\/span><\/div>\n","protected":false},"excerpt":{"rendered":"<p>Bom dia, amigos cultos e ocultos! Ontem eu fiquei t\u00e3o animado com a colet\u00e2nea de compactos e achei por bem manter \u2018o clima\u2019 tamb\u00e9m no domingo. Desta vez n\u00e3o se trata de colet\u00e2nea, mas sim dos dois compactos da s\u00e9rie &hellip; <a href=\"https:\/\/www.toque-musicall.com\/?p=77\">Continue lendo <span class=\"meta-nav\">&rarr;<\/span><\/a><\/p>\n","protected":false},"author":1,"featured_media":0,"comment_status":"open","ping_status":"closed","sticky":false,"template":"","format":"standard","meta":{"footnotes":""},"categories":[135,136,93,133,132,134,25],"tags":[],"class_list":["post-77","post","type-post","status-publish","format-standard","hentry","category-antonio-carlos-jobim","category-caetano-veloso","category-compactos","category-discos-de-bolso","category-fagner","category-joao-bosco","category-selo-independente"],"_links":{"self":[{"href":"https:\/\/www.toque-musicall.com\/index.php?rest_route=\/wp\/v2\/posts\/77","targetHints":{"allow":["GET"]}}],"collection":[{"href":"https:\/\/www.toque-musicall.com\/index.php?rest_route=\/wp\/v2\/posts"}],"about":[{"href":"https:\/\/www.toque-musicall.com\/index.php?rest_route=\/wp\/v2\/types\/post"}],"author":[{"embeddable":true,"href":"https:\/\/www.toque-musicall.com\/index.php?rest_route=\/wp\/v2\/users\/1"}],"replies":[{"embeddable":true,"href":"https:\/\/www.toque-musicall.com\/index.php?rest_route=%2Fwp%2Fv2%2Fcomments&post=77"}],"version-history":[{"count":0,"href":"https:\/\/www.toque-musicall.com\/index.php?rest_route=\/wp\/v2\/posts\/77\/revisions"}],"wp:attachment":[{"href":"https:\/\/www.toque-musicall.com\/index.php?rest_route=%2Fwp%2Fv2%2Fmedia&parent=77"}],"wp:term":[{"taxonomy":"category","embeddable":true,"href":"https:\/\/www.toque-musicall.com\/index.php?rest_route=%2Fwp%2Fv2%2Fcategories&post=77"},{"taxonomy":"post_tag","embeddable":true,"href":"https:\/\/www.toque-musicall.com\/index.php?rest_route=%2Fwp%2Fv2%2Ftags&post=77"}],"curies":[{"name":"wp","href":"https:\/\/api.w.org\/{rel}","templated":true}]}}