{"id":7707,"date":"2020-08-07T19:06:00","date_gmt":"2020-08-07T22:06:00","guid":{"rendered":"http:\/\/www.toque-musicall.com\/?p=7707"},"modified":"2020-08-12T19:10:20","modified_gmt":"2020-08-12T22:10:20","slug":"aline-c-toninho-horta-beto-lopes-helvius-vilela-bernard-aygaoux-mares-de-minas-1988","status":"publish","type":"post","link":"https:\/\/www.toque-musicall.com\/?p=7707","title":{"rendered":"Aline c\/ Toninho Horta Beto Lopes Helvius Vilela Bernard Aygaoux &#8211; Mares De Minas (1988)"},"content":{"rendered":"\n<figure class=\"wp-block-image size-large\"><img decoding=\"async\" src=\"https:\/\/1.bp.blogspot.com\/-18gRiTY4-r0\/XzREiM4c4VI\/AAAAAAAARvo\/KrQS2S1PYJsTDyqzH0XoEqLeAF5WsYLTQCLcBGAsYHQ\/s640\/Anota%25C3%25A7%25C3%25A3o%2B2020-08-10%2B184600.jpg\" alt=\"\"\/><\/figure>\n\n\n\n<figure class=\"wp-block-image size-large\"><img decoding=\"async\" src=\"https:\/\/1.bp.blogspot.com\/-0Ww3HnCD2bc\/XzREif8tNWI\/AAAAAAAARvs\/8V6DI70aiQkbwM0uzZXJWLcSprUhoJkawCLcBGAsYHQ\/s640\/Anota%25C3%25A7%25C3%25A3o%2B2020-08-10%2B184717.jpg\" alt=\"\"\/><\/figure>\n\n\n<p>Boa tarde, companheiros e amigos cultos e ocultos! C\u00e1 estamos novamente, sempre com alguns atrasos, mas sempre procurando n\u00e3o pular dias.<br \/>Hoje temos um disco da cantora e compositora mineira, Aline, de Montes Claros. H\u00e1 algum tempo atr\u00e1s n\u00f3s chegamos a postar o primeiro disco dela lan\u00e7ado tamb\u00e9m de forma independente em 1979. Agora trazemos um outro trabalho dela, na verdade o seu terceiro disco, lan\u00e7ado em 1988 de forma independente. &#8220;Mares de Minas&#8221; \u00e9 um disco que re\u00fane grava\u00e7\u00f5es de 1985 a 87. Como se pode ver logo pela capa, Aline vem muito bem acompanhada por Toninho Horta no viol\u00e3o e guitarra, Bernard Aygadoux nos teclados, Helvius Vilela no piano e Beto Lopes no viol\u00e3o. A produ\u00e7\u00e3o ficou por conta de Adriano Martins. No repert\u00f3rio h\u00e1 um certo regionalismo, mas no conjunto da obra o que temos um trabalho sens\u00edvel e de muita qualidade. N\u00e3o deixem de conferir no GTM<\/p>\n<div>mar de espanha<\/div>\n<div>oi no colo dele<\/div>\n<div>papel mach\u00e9<\/div>\n<div>dois mil e indio<\/div>\n<div>primeiras bicicletas<\/div>\n<div>vida consagrada<\/div>\n<div>inf\u00e2ncia<\/div>\n<div>noite no sert\u00e3o<\/div>\n<div>era s\u00f3 come\u00e7o o nosso fim<\/div>\n<div>o bardo<\/div>\n<div>yo digo que las estrellas<\/div>\n<div>na rama da alegria<\/div>\n<div>amo-te muito<\/div>\n<p><br \/><br \/>.<\/p>\n\n\n<p><\/p>\n","protected":false},"excerpt":{"rendered":"<p>Boa tarde, companheiros e amigos cultos e ocultos! C\u00e1 estamos novamente, sempre com alguns atrasos, mas sempre procurando n\u00e3o pular dias.Hoje temos um disco da cantora e compositora mineira, Aline, de Montes Claros. H\u00e1 algum tempo atr\u00e1s n\u00f3s chegamos a &hellip; <a href=\"https:\/\/www.toque-musicall.com\/?p=7707\">Continue lendo <span class=\"meta-nav\">&rarr;<\/span><\/a><\/p>\n","protected":false},"author":1,"featured_media":0,"comment_status":"closed","ping_status":"closed","sticky":false,"template":"","format":"standard","meta":{"footnotes":""},"categories":[2946,3819,3818,3800,25],"tags":[3814,3816,3815,3017,3817],"class_list":["post-7707","post","type-post","status-publish","format-standard","hentry","category-aline","category-bernard-aygaoux","category-beto-lopes","category-helvius-vilela","category-selo-independente","tag-aline","tag-beto-lopes","tag-helvius-vilela","tag-selo-independente","tag-toninho-horta"],"_links":{"self":[{"href":"https:\/\/www.toque-musicall.com\/index.php?rest_route=\/wp\/v2\/posts\/7707","targetHints":{"allow":["GET"]}}],"collection":[{"href":"https:\/\/www.toque-musicall.com\/index.php?rest_route=\/wp\/v2\/posts"}],"about":[{"href":"https:\/\/www.toque-musicall.com\/index.php?rest_route=\/wp\/v2\/types\/post"}],"author":[{"embeddable":true,"href":"https:\/\/www.toque-musicall.com\/index.php?rest_route=\/wp\/v2\/users\/1"}],"replies":[{"embeddable":true,"href":"https:\/\/www.toque-musicall.com\/index.php?rest_route=%2Fwp%2Fv2%2Fcomments&post=7707"}],"version-history":[{"count":1,"href":"https:\/\/www.toque-musicall.com\/index.php?rest_route=\/wp\/v2\/posts\/7707\/revisions"}],"predecessor-version":[{"id":7708,"href":"https:\/\/www.toque-musicall.com\/index.php?rest_route=\/wp\/v2\/posts\/7707\/revisions\/7708"}],"wp:attachment":[{"href":"https:\/\/www.toque-musicall.com\/index.php?rest_route=%2Fwp%2Fv2%2Fmedia&parent=7707"}],"wp:term":[{"taxonomy":"category","embeddable":true,"href":"https:\/\/www.toque-musicall.com\/index.php?rest_route=%2Fwp%2Fv2%2Fcategories&post=7707"},{"taxonomy":"post_tag","embeddable":true,"href":"https:\/\/www.toque-musicall.com\/index.php?rest_route=%2Fwp%2Fv2%2Ftags&post=7707"}],"curies":[{"name":"wp","href":"https:\/\/api.w.org\/{rel}","templated":true}]}}