{"id":7715,"date":"2020-08-10T20:12:00","date_gmt":"2020-08-10T23:12:00","guid":{"rendered":"http:\/\/www.toque-musicall.com\/?p=7715"},"modified":"2020-08-12T20:38:50","modified_gmt":"2020-08-12T23:38:50","slug":"juarez-moreira-bom-dia-1989","status":"publish","type":"post","link":"https:\/\/www.toque-musicall.com\/?p=7715","title":{"rendered":"Juarez Moreira &#8211; Bom Dia (1989)"},"content":{"rendered":"\n<figure class=\"wp-block-image size-large\"><img decoding=\"async\" src=\"https:\/\/1.bp.blogspot.com\/-fPrhUBF4xII\/XzRym4XnebI\/AAAAAAAARwQ\/vCJQFSDRtQEbtqDKuwXzyqepvb7dcE50QCLcBGAsYHQ\/s640\/Anota%25C3%25A7%25C3%25A3o%2B2020-08-12%2B194433.jpg\" alt=\"\"\/><\/figure>\n\n\n\n<figure class=\"wp-block-image size-large\"><img decoding=\"async\" src=\"https:\/\/1.bp.blogspot.com\/-m4e3syO6AJA\/XzRymwKWUsI\/AAAAAAAARwU\/u5QRsfZnGwQNSf9KbhD4BykHwFOFAyk2QCLcBGAsYHQ\/s640\/Anota%25C3%25A7%25C3%25A3o%2B2020-08-12%2B194629.jpg\" alt=\"\"\/><\/figure>\n\n\n<p>Bom dia, amigos cultos e ocultos! E para ser mesmo um &#8216;bom dia&#8217;, s\u00f3 mesmo com este maravilhoso disco de um dos grandes mestres das cordas, o mineiro de Guanh\u00e3es, Juarez Moreira. Temos aqui o primeiro disco solo deste compositor, violonista, guitarrista, produtor e arranjador, o \u00e1lbum &#8220;Bom dia&#8221;, lan\u00e7ado de forma independente em 1989. Um disco onde ele conta com a participa\u00e7\u00e3o de outros feras como Toninho Horta, Zeca Assump\u00e7\u00e3o, Paulo Moura, Nenen e Andr\u00e9 Dequech. Por a\u00ed j\u00e1 d\u00e1 para se ter uma ideia do n\u00edvel da &#8216;coisa&#8217;. Depois deste lp, relan\u00e7ado em 97 em cd, Juarez j\u00e1 gravou mais uma dezena de discos e cada vez mais respeitado como um dos nossos grandes talentos nacionais. Vale a pena a conferida&#8230;<\/p>\n<div>bom dia<\/div>\n<div>depois do amor<\/div>\n<div>samba pra toninho<\/div>\n<div>pas de deux<\/div>\n<div>bai\u00e3o barroco<\/div>\n<div>chora jazz<\/div>\n<div>valsa pra maria<\/div>\n<div>diamantina<\/div>\n<div>chaplin<\/div>\n<div>\u00a0<\/div>\n<div>.<\/div>\n<p>\u00a0<\/p>","protected":false},"excerpt":{"rendered":"<p>Bom dia, amigos cultos e ocultos! E para ser mesmo um &#8216;bom dia&#8217;, s\u00f3 mesmo com este maravilhoso disco de um dos grandes mestres das cordas, o mineiro de Guanh\u00e3es, Juarez Moreira. Temos aqui o primeiro disco solo deste compositor, &hellip; <a href=\"https:\/\/www.toque-musicall.com\/?p=7715\">Continue lendo <span class=\"meta-nav\">&rarr;<\/span><\/a><\/p>\n","protected":false},"author":1,"featured_media":0,"comment_status":"closed","ping_status":"closed","sticky":false,"template":"","format":"standard","meta":{"footnotes":""},"categories":[3826,25],"tags":[3827,3017],"class_list":["post-7715","post","type-post","status-publish","format-standard","hentry","category-juarez-moreira","category-selo-independente","tag-juarez-moreira","tag-selo-independente"],"_links":{"self":[{"href":"https:\/\/www.toque-musicall.com\/index.php?rest_route=\/wp\/v2\/posts\/7715","targetHints":{"allow":["GET"]}}],"collection":[{"href":"https:\/\/www.toque-musicall.com\/index.php?rest_route=\/wp\/v2\/posts"}],"about":[{"href":"https:\/\/www.toque-musicall.com\/index.php?rest_route=\/wp\/v2\/types\/post"}],"author":[{"embeddable":true,"href":"https:\/\/www.toque-musicall.com\/index.php?rest_route=\/wp\/v2\/users\/1"}],"replies":[{"embeddable":true,"href":"https:\/\/www.toque-musicall.com\/index.php?rest_route=%2Fwp%2Fv2%2Fcomments&post=7715"}],"version-history":[{"count":1,"href":"https:\/\/www.toque-musicall.com\/index.php?rest_route=\/wp\/v2\/posts\/7715\/revisions"}],"predecessor-version":[{"id":7716,"href":"https:\/\/www.toque-musicall.com\/index.php?rest_route=\/wp\/v2\/posts\/7715\/revisions\/7716"}],"wp:attachment":[{"href":"https:\/\/www.toque-musicall.com\/index.php?rest_route=%2Fwp%2Fv2%2Fmedia&parent=7715"}],"wp:term":[{"taxonomy":"category","embeddable":true,"href":"https:\/\/www.toque-musicall.com\/index.php?rest_route=%2Fwp%2Fv2%2Fcategories&post=7715"},{"taxonomy":"post_tag","embeddable":true,"href":"https:\/\/www.toque-musicall.com\/index.php?rest_route=%2Fwp%2Fv2%2Ftags&post=7715"}],"curies":[{"name":"wp","href":"https:\/\/api.w.org\/{rel}","templated":true}]}}