{"id":7718,"date":"2020-08-11T00:20:00","date_gmt":"2020-08-11T03:20:00","guid":{"rendered":"http:\/\/www.toque-musicall.com\/?p=7718"},"modified":"2020-08-14T00:24:46","modified_gmt":"2020-08-14T03:24:46","slug":"canto-danca-do-povo-de-uberaba-1984","status":"publish","type":"post","link":"https:\/\/www.toque-musicall.com\/?p=7718","title":{"rendered":"Canto &#038; Dan\u00e7a Do Povo De Uberaba (1984)"},"content":{"rendered":"\n<figure class=\"wp-block-image size-large\"><img decoding=\"async\" src=\"https:\/\/1.bp.blogspot.com\/-eh2A1_Cv8rs\/XzWF9hvPBcI\/AAAAAAAARwk\/JHpSTRTshOUbNd8d2tZPPfi6GKlFyjf-wCLcBGAsYHQ\/s640\/Anota%25C3%25A7%25C3%25A3o%2B2020-08-08%2B151437.jpg\" alt=\"\"\/><\/figure>\n\n\n\n<figure class=\"wp-block-image size-large\"><img decoding=\"async\" src=\"https:\/\/1.bp.blogspot.com\/-N-cEZ1qwz8k\/XzWF95KdSbI\/AAAAAAAARwo\/71LCvSYOUrcSSI4C2MRaddW7a89ebb0LACLcBGAsYHQ\/s640\/Anota%25C3%25A7%25C3%25A3o%2B2020-08-08%2B151528.jpg\" alt=\"\"\/><\/figure>\n\n\n<p>Boa noite a todos, amigos cultos e ocultos! Aqui temos para hoje um disco de car\u00e1ter folcl\u00f3rico e dos\u00a0 mais interessantes. Trata-se, como se pode ver nas ilustra\u00e7\u00f5es da capa, de um lp que re\u00fane quatro diferentes manifesta\u00e7\u00f5es populares de m\u00fasica e dan\u00e7a da regi\u00e3o do Triangulo Mineiro, ou mais especificamente da cidade de Uberaba, Minas Gerais. Lan\u00e7ado em 1984 pela Funda\u00e7\u00e3o Cultural de Uberaba, temos aqui um disco de Catira, Congado, Mo\u00e7ambique N. S. do Ros\u00e1rio e Folia de Reis. Um registro valioso e importante da nossa cultura que vale a pena ter e conhecer. Confiram no GTM&#8230;<\/p>\n<div>congado &#8211; minas brasil<\/div>\n<div>folia de reis &#8211; paulo curi<\/div>\n<div>folia de s\u00e3o sebasti\u00e3o &#8211; sebasti\u00e3o mapuaba<\/div>\n<div>mo\u00e7ambique &#8211; nossa senhora do ros\u00e1rio<\/div>\n<div>catira dos borges &#8211; moda e recortado<\/div>\n<div>catira dos borges &#8211; recortado<\/div>\n<div>\u00a0<\/div>\n<p><br \/>.<\/p>","protected":false},"excerpt":{"rendered":"<p>Boa noite a todos, amigos cultos e ocultos! Aqui temos para hoje um disco de car\u00e1ter folcl\u00f3rico e dos\u00a0 mais interessantes. Trata-se, como se pode ver nas ilustra\u00e7\u00f5es da capa, de um lp que re\u00fane quatro diferentes manifesta\u00e7\u00f5es populares de &hellip; <a href=\"https:\/\/www.toque-musicall.com\/?p=7718\">Continue lendo <span class=\"meta-nav\">&rarr;<\/span><\/a><\/p>\n","protected":false},"author":1,"featured_media":0,"comment_status":"closed","ping_status":"closed","sticky":false,"template":"","format":"standard","meta":{"footnotes":""},"categories":[3829,25],"tags":[3828,3017],"class_list":["post-7718","post","type-post","status-publish","format-standard","hentry","category-canto-danca-do-povo-de-uberaba","category-selo-independente","tag-canto-danca-do-povo-de-uberaba","tag-selo-independente"],"_links":{"self":[{"href":"https:\/\/www.toque-musicall.com\/index.php?rest_route=\/wp\/v2\/posts\/7718","targetHints":{"allow":["GET"]}}],"collection":[{"href":"https:\/\/www.toque-musicall.com\/index.php?rest_route=\/wp\/v2\/posts"}],"about":[{"href":"https:\/\/www.toque-musicall.com\/index.php?rest_route=\/wp\/v2\/types\/post"}],"author":[{"embeddable":true,"href":"https:\/\/www.toque-musicall.com\/index.php?rest_route=\/wp\/v2\/users\/1"}],"replies":[{"embeddable":true,"href":"https:\/\/www.toque-musicall.com\/index.php?rest_route=%2Fwp%2Fv2%2Fcomments&post=7718"}],"version-history":[{"count":1,"href":"https:\/\/www.toque-musicall.com\/index.php?rest_route=\/wp\/v2\/posts\/7718\/revisions"}],"predecessor-version":[{"id":7719,"href":"https:\/\/www.toque-musicall.com\/index.php?rest_route=\/wp\/v2\/posts\/7718\/revisions\/7719"}],"wp:attachment":[{"href":"https:\/\/www.toque-musicall.com\/index.php?rest_route=%2Fwp%2Fv2%2Fmedia&parent=7718"}],"wp:term":[{"taxonomy":"category","embeddable":true,"href":"https:\/\/www.toque-musicall.com\/index.php?rest_route=%2Fwp%2Fv2%2Fcategories&post=7718"},{"taxonomy":"post_tag","embeddable":true,"href":"https:\/\/www.toque-musicall.com\/index.php?rest_route=%2Fwp%2Fv2%2Ftags&post=7718"}],"curies":[{"name":"wp","href":"https:\/\/api.w.org\/{rel}","templated":true}]}}