{"id":7727,"date":"2020-08-14T09:33:00","date_gmt":"2020-08-14T12:33:00","guid":{"rendered":"http:\/\/www.toque-musicall.com\/?p=7727"},"modified":"2020-08-16T09:37:39","modified_gmt":"2020-08-16T12:37:39","slug":"beth-goulart-passional-1982","status":"publish","type":"post","link":"https:\/\/www.toque-musicall.com\/?p=7727","title":{"rendered":"Beth Goulart &#8211; Passional (1982)"},"content":{"rendered":"\n<figure class=\"wp-block-image size-large\"><img decoding=\"async\" src=\"https:\/\/1.bp.blogspot.com\/-CcrG-Tg26cc\/XzkcrQcBvOI\/AAAAAAAARxo\/bswmj-w0VacXoENUjPnn-b4Ile9FxleUACLcBGAsYHQ\/s640\/Anota%25C3%25A7%25C3%25A3o%2B2020-08-16%2B082941.jpg\" alt=\"\"\/><\/figure>\n\n\n\n<figure class=\"wp-block-image size-large\"><img decoding=\"async\" src=\"https:\/\/1.bp.blogspot.com\/-jBKckBzzSDQ\/XzkcrBsWQjI\/AAAAAAAARxk\/tSFIS-xciBs7cryllRaznGS9D7R908t0wCLcBGAsYHQ\/s640\/Anota%25C3%25A7%25C3%25A3o%2B2020-08-16%2B083435.jpg\" alt=\"\"\/><\/figure>\n\n\n<p>Bom dia, meus car\u00edssimos amigos cultos e ocultos! Temos aqui um disco que eu acredito, deve passado batido para muita gente. E por certo, n\u00e3o recebeu a devida aten\u00e7\u00e3o\u00a0 no momento de divulga\u00e7\u00e3o. Aqui temos um lp gravado pela atriz, dramaturga e cantora Beth Goulart, filha dos tamb\u00e9m atores Nicette Bruno e Paulo Goulart. Nos anos 80 Beth esteve muito envolvida com a m\u00fasica, estreando em disco em 1981, primeiro com um compacto, &#8220;O bal\u00e3o e a vida&#8221; e no mesmo ano o lp &#8220;Sementes no ar&#8221;. No ano seguinte estaria lan\u00e7ando este, o &#8220;Passional&#8221; e novamente, em 85, gravaria o lp &#8220;Mantra Brasil&#8221;. Beth Goulart foi casada com o m\u00fasico Nando Carneiro e foi justamente nesse per\u00edodo que ela gravou o disco que hoje apresentamos. Nando Carneiro, juntamente com outro m\u00fasico, o M\u00e1rio Adnet, foram os produtores, respons\u00e1veis pela concep\u00e7\u00e3o musical e arranjos. No disco, boa parte das m\u00fasicas s\u00e3o de autoria de Nando. Lan\u00e7ado em 1982, pelo selo Philips, eu diria que esse trabalho me faz lembrar muito um outro disco, da d\u00e9cada de 70, o &#8220;Corra o risco&#8221;, da cantora Ol\u00edvia e o grupo Barca do Sol. Aqui encontramos inclusive a m\u00fasica &#8220;Cavalo marinho&#8221;, de Nando e Cacaso, gravada tamb\u00e9m por Ol\u00edvia e a Barca do Sol. Temos a m\u00fasica &#8220;Severina&#8221;, parceria entre os irm\u00e3os Carneiro e com participa\u00e7\u00e3o de Geraldo Azevedo. Iremos encontrar a m\u00fasica de Milton Nascimento, &#8220;Can\u00e7\u00e3o amiga&#8221;, cuja a letra \u00e9 um poema de Carlos Drummod Andrade e tamb\u00e9m &#8220;Canci\u00f3n por la unidad Latino Am\u00e9ricana&#8221;, do cubano Pablo Milan\u00eas adaptado por Chico Buarque de Hollanda. T\u00e1 a\u00ed, um disco bem bacana que merece uma nova audi\u00e7\u00e3o. Confiram no GTM&#8230;<\/p>\n<div>passional<\/div>\n<div>polichinelo<\/div>\n<div>severina<\/div>\n<div>o gosto da mem\u00f3ria<\/div>\n<div>can\u00e7\u00e3o de amor<\/div>\n<div>paix\u00e3o<\/div>\n<div>canci\u00f3n por la unidad latino americana<\/div>\n<div>ai de mim<\/div>\n<div>can\u00e7\u00e3o amiga<\/div>\n<div>cavalo marinho<\/div>\n<div>passional<\/div>\n<p>.<\/p>","protected":false},"excerpt":{"rendered":"<p>Bom dia, meus car\u00edssimos amigos cultos e ocultos! Temos aqui um disco que eu acredito, deve passado batido para muita gente. E por certo, n\u00e3o recebeu a devida aten\u00e7\u00e3o\u00a0 no momento de divulga\u00e7\u00e3o. Aqui temos um lp gravado pela atriz, &hellip; <a href=\"https:\/\/www.toque-musicall.com\/?p=7727\">Continue lendo <span class=\"meta-nav\">&rarr;<\/span><\/a><\/p>\n","protected":false},"author":1,"featured_media":0,"comment_status":"closed","ping_status":"closed","sticky":false,"template":"","format":"standard","meta":{"footnotes":""},"categories":[3836,48],"tags":[3835,3012],"class_list":["post-7727","post","type-post","status-publish","format-standard","hentry","category-beth-goulart","category-selo-philips","tag-beth-goulart","tag-selo-philips"],"_links":{"self":[{"href":"https:\/\/www.toque-musicall.com\/index.php?rest_route=\/wp\/v2\/posts\/7727","targetHints":{"allow":["GET"]}}],"collection":[{"href":"https:\/\/www.toque-musicall.com\/index.php?rest_route=\/wp\/v2\/posts"}],"about":[{"href":"https:\/\/www.toque-musicall.com\/index.php?rest_route=\/wp\/v2\/types\/post"}],"author":[{"embeddable":true,"href":"https:\/\/www.toque-musicall.com\/index.php?rest_route=\/wp\/v2\/users\/1"}],"replies":[{"embeddable":true,"href":"https:\/\/www.toque-musicall.com\/index.php?rest_route=%2Fwp%2Fv2%2Fcomments&post=7727"}],"version-history":[{"count":2,"href":"https:\/\/www.toque-musicall.com\/index.php?rest_route=\/wp\/v2\/posts\/7727\/revisions"}],"predecessor-version":[{"id":7729,"href":"https:\/\/www.toque-musicall.com\/index.php?rest_route=\/wp\/v2\/posts\/7727\/revisions\/7729"}],"wp:attachment":[{"href":"https:\/\/www.toque-musicall.com\/index.php?rest_route=%2Fwp%2Fv2%2Fmedia&parent=7727"}],"wp:term":[{"taxonomy":"category","embeddable":true,"href":"https:\/\/www.toque-musicall.com\/index.php?rest_route=%2Fwp%2Fv2%2Fcategories&post=7727"},{"taxonomy":"post_tag","embeddable":true,"href":"https:\/\/www.toque-musicall.com\/index.php?rest_route=%2Fwp%2Fv2%2Ftags&post=7727"}],"curies":[{"name":"wp","href":"https:\/\/api.w.org\/{rel}","templated":true}]}}