{"id":7730,"date":"2020-08-15T19:06:00","date_gmt":"2020-08-15T22:06:00","guid":{"rendered":"http:\/\/www.toque-musicall.com\/?p=7730"},"modified":"2020-08-19T10:12:09","modified_gmt":"2020-08-19T13:12:09","slug":"vera-figueiredo-1990","status":"publish","type":"post","link":"https:\/\/www.toque-musicall.com\/?p=7730","title":{"rendered":"Vera Figueiredo (1990)"},"content":{"rendered":"\n<figure class=\"wp-block-image size-large\"><img decoding=\"async\" src=\"https:\/\/1.bp.blogspot.com\/-P5Bpex9Bneo\/Xzkylqm6TTI\/AAAAAAAARx8\/180BorSmumMQStedQxaPEYV_wrwSVGInACLcBGAsYHQ\/s640\/Anota%25C3%25A7%25C3%25A3o%2B2020-08-16%2B020346.jpg\" alt=\"\"\/><\/figure>\n\n\n\n<figure class=\"wp-block-image size-large\"><img decoding=\"async\" src=\"https:\/\/1.bp.blogspot.com\/-wVIblkxWTv4\/XzkyltCYM7I\/AAAAAAAARx4\/i6XcEowX-aEFke_63rU9X4qFf4kLeV6BgCLcBGAsYHQ\/s640\/Anota%25C3%25A7%25C3%25A3o%2B2020-08-16%2B020532.jpg\" alt=\"\"\/><\/figure>\n\n\n<p>Ol\u00e1, amigos cultos e ocultos! C\u00e1 estamos em nossas postagens di\u00e1rias, trazendo hoje uma das maiores bateristas brasileira, a renomada Vera Figueiredo. Al\u00e9m de grande instrumentista, reconhecida internacionalmente, Vera \u00e9 tamb\u00e9m compositora, produtora cultural e professora. Criou em 1990 uma escola dedicada a ensinar bateria, a IBVF, que hoje tamb\u00e9m \u00e9 uma produtora, respons\u00e1vel por diversos projetos, entre os quais o Batuka! Brasil, uma esp\u00e9cie de festival de m\u00fasica voltado para percuss\u00e3o e bateria. Foi neste mesmo ano de 90 que Vera gravou este que foi o seu primeiro disco solo. Uma produ\u00e7\u00e3o fonogr\u00e1fica de Luiz Calanca e seu selo Baratos Afins. Um belo trabalho de estr\u00e9ia, disco de m\u00fasica instrumental de primeir\u00edssima linha onde ela vem acompanhada pela banda Nuapaco e convidados, como Hermeto Pascoal, Arismar do Esp\u00edrito Santo, Derico Sciotti e outros, como podemos ver estampados na contracapa. N\u00e3o deixem de conferir&#8230;<\/p>\n<div>julinho<\/div>\n<div>jamaica<\/div>\n<div>eco<\/div>\n<div>tudo bem<\/div>\n<div>marry christmas mr. lawrence<\/div>\n<div>batuque na casinha do fig\u00e3o<\/div>\n<div>ara\u00e7\u00e1<\/div>\n<div>rumba meu boi<\/div>\n<div>para\u00edba<\/div>\n<div>de vera<\/div>\n<p>\u00a0<\/p>","protected":false},"excerpt":{"rendered":"<p>Ol\u00e1, amigos cultos e ocultos! C\u00e1 estamos em nossas postagens di\u00e1rias, trazendo hoje uma das maiores bateristas brasileira, a renomada Vera Figueiredo. Al\u00e9m de grande instrumentista, reconhecida internacionalmente, Vera \u00e9 tamb\u00e9m compositora, produtora cultural e professora. Criou em 1990 uma &hellip; <a href=\"https:\/\/www.toque-musicall.com\/?p=7730\">Continue lendo <span class=\"meta-nav\">&rarr;<\/span><\/a><\/p>\n","protected":false},"author":1,"featured_media":0,"comment_status":"closed","ping_status":"closed","sticky":false,"template":"","format":"standard","meta":{"footnotes":""},"categories":[98,3837],"tags":[3033],"class_list":["post-7730","post","type-post","status-publish","format-standard","hentry","category-selo-baratos-afins","category-vera-figueiredo","tag-selo-baratos-afins"],"_links":{"self":[{"href":"https:\/\/www.toque-musicall.com\/index.php?rest_route=\/wp\/v2\/posts\/7730","targetHints":{"allow":["GET"]}}],"collection":[{"href":"https:\/\/www.toque-musicall.com\/index.php?rest_route=\/wp\/v2\/posts"}],"about":[{"href":"https:\/\/www.toque-musicall.com\/index.php?rest_route=\/wp\/v2\/types\/post"}],"author":[{"embeddable":true,"href":"https:\/\/www.toque-musicall.com\/index.php?rest_route=\/wp\/v2\/users\/1"}],"replies":[{"embeddable":true,"href":"https:\/\/www.toque-musicall.com\/index.php?rest_route=%2Fwp%2Fv2%2Fcomments&post=7730"}],"version-history":[{"count":2,"href":"https:\/\/www.toque-musicall.com\/index.php?rest_route=\/wp\/v2\/posts\/7730\/revisions"}],"predecessor-version":[{"id":7741,"href":"https:\/\/www.toque-musicall.com\/index.php?rest_route=\/wp\/v2\/posts\/7730\/revisions\/7741"}],"wp:attachment":[{"href":"https:\/\/www.toque-musicall.com\/index.php?rest_route=%2Fwp%2Fv2%2Fmedia&parent=7730"}],"wp:term":[{"taxonomy":"category","embeddable":true,"href":"https:\/\/www.toque-musicall.com\/index.php?rest_route=%2Fwp%2Fv2%2Fcategories&post=7730"},{"taxonomy":"post_tag","embeddable":true,"href":"https:\/\/www.toque-musicall.com\/index.php?rest_route=%2Fwp%2Fv2%2Ftags&post=7730"}],"curies":[{"name":"wp","href":"https:\/\/api.w.org\/{rel}","templated":true}]}}