{"id":7732,"date":"2020-08-16T19:19:00","date_gmt":"2020-08-16T22:19:00","guid":{"rendered":"http:\/\/www.toque-musicall.com\/?p=7732"},"modified":"2020-08-18T22:14:23","modified_gmt":"2020-08-19T01:14:23","slug":"nelson-coelho-de-castro-1983","status":"publish","type":"post","link":"https:\/\/www.toque-musicall.com\/?p=7732","title":{"rendered":"Nelson Coelho De Castro (1983)"},"content":{"rendered":"\n<figure class=\"wp-block-image size-large\"><img decoding=\"async\" src=\"https:\/\/1.bp.blogspot.com\/-2T2dtBZV2TQ\/XznCDOV20mI\/AAAAAAAARyM\/ghj59CnE_iwbJIswZuLqxYSsQAWw1NRXgCLcBGAsYHQ\/s640\/Anota%25C3%25A7%25C3%25A3o%2B2020-08-16%2B202456.jpg[\" alt=\"\"\/><\/figure>\n\n\n\n<figure class=\"wp-block-image size-large\"><img decoding=\"async\" src=\"https:\/\/1.bp.blogspot.com\/-lLzV-A5dfXU\/XznCDbDO8pI\/AAAAAAAARyQ\/fZz-9hjXIIEJCsjySSDEaJWsUhpf7nUqACLcBGAsYHQ\/s640\/Anota%25C3%25A7%25C3%25A3o%2B2020-08-16%2B202613.jpg\" alt=\"\"\/><\/figure>\n\n\n<p>Boa tarde, ilustr\u00edssimos amigos cultos e ocultos! Mais um dia, mais um disco&#8230; Hoje vamos com o ga\u00facho Nelson Coelho de Castro, um nome que como tantos outros do Sul quase nunca chega a ecoar al\u00e9m de S\u00e3o Paulo. Por certo n\u00e3o \u00e9 por falta de talento e qualidade, isso eles tem de sobra. Acho que tem mesmo a ver com o tal regionalismo e o Brasil para eles n\u00e3o vai al\u00e9m das fronteiras paulistas. Bom, mais isso \u00e9 outra treta que n\u00e3o cabe agora aqui. Certo \u00e9 que temos aqui e j\u00e1 pela segunda vez em nosso Toque Musical esse artista ga\u00facho que foi um dos pioneiros nas chamadas &#8216;produ\u00e7\u00f5es independentes&#8217;. Desta vez temos dele o \u00e1lbum lan\u00e7ado em 1983, seu segundo lp no qual consta a m\u00fasica &#8220;Vim vadi\u00e1&#8221; que fez um relativo sucesso nas r\u00e1dios do Sul e Sudeste do pa\u00eds. Mas o disco, num todo, \u00e9 muito bom e vale conhecer \ud83d\ude09<\/p>\n<div>ver-te\/algo teu<\/div>\n<div>saudade une nada<\/div>\n<div>t\u00e3o bonita voz<\/div>\n<div>nata<\/div>\n<div>magro<\/div>\n<div>legislativo<\/div>\n<div>vim vadi\u00e1<\/div>\n<div>v\u00f4 nem a\u00ed<\/div>\n<div>assim n\u00e3o d\u00e1 bicho (para qu\u00ea)<\/div>\n<div>todo o meu amor que ela evita<\/div>\n<div>cristal<\/div>\n<div>&nbsp;<\/div>\n<p>.<\/p>","protected":false},"excerpt":{"rendered":"<p>Boa tarde, ilustr\u00edssimos amigos cultos e ocultos! Mais um dia, mais um disco&#8230; Hoje vamos com o ga\u00facho Nelson Coelho de Castro, um nome que como tantos outros do Sul quase nunca chega a ecoar al\u00e9m de S\u00e3o Paulo. Por &hellip; <a href=\"https:\/\/www.toque-musicall.com\/?p=7732\">Continue lendo <span class=\"meta-nav\">&rarr;<\/span><\/a><\/p>\n","protected":false},"author":1,"featured_media":0,"comment_status":"closed","ping_status":"closed","sticky":false,"template":"","format":"standard","meta":{"footnotes":""},"categories":[2449,3839],"tags":[3126,3838],"class_list":["post-7732","post","type-post","status-publish","format-standard","hentry","category-nelson-coelho-de-castro","category-selo-trilhas","tag-nelson-coelho-de-castro","tag-selo-trilhas"],"_links":{"self":[{"href":"https:\/\/www.toque-musicall.com\/index.php?rest_route=\/wp\/v2\/posts\/7732","targetHints":{"allow":["GET"]}}],"collection":[{"href":"https:\/\/www.toque-musicall.com\/index.php?rest_route=\/wp\/v2\/posts"}],"about":[{"href":"https:\/\/www.toque-musicall.com\/index.php?rest_route=\/wp\/v2\/types\/post"}],"author":[{"embeddable":true,"href":"https:\/\/www.toque-musicall.com\/index.php?rest_route=\/wp\/v2\/users\/1"}],"replies":[{"embeddable":true,"href":"https:\/\/www.toque-musicall.com\/index.php?rest_route=%2Fwp%2Fv2%2Fcomments&post=7732"}],"version-history":[{"count":3,"href":"https:\/\/www.toque-musicall.com\/index.php?rest_route=\/wp\/v2\/posts\/7732\/revisions"}],"predecessor-version":[{"id":7737,"href":"https:\/\/www.toque-musicall.com\/index.php?rest_route=\/wp\/v2\/posts\/7732\/revisions\/7737"}],"wp:attachment":[{"href":"https:\/\/www.toque-musicall.com\/index.php?rest_route=%2Fwp%2Fv2%2Fmedia&parent=7732"}],"wp:term":[{"taxonomy":"category","embeddable":true,"href":"https:\/\/www.toque-musicall.com\/index.php?rest_route=%2Fwp%2Fv2%2Fcategories&post=7732"},{"taxonomy":"post_tag","embeddable":true,"href":"https:\/\/www.toque-musicall.com\/index.php?rest_route=%2Fwp%2Fv2%2Ftags&post=7732"}],"curies":[{"name":"wp","href":"https:\/\/api.w.org\/{rel}","templated":true}]}}