{"id":7738,"date":"2020-08-18T01:08:00","date_gmt":"2020-08-18T04:08:00","guid":{"rendered":"http:\/\/www.toque-musicall.com\/?p=7738"},"modified":"2020-08-19T10:10:20","modified_gmt":"2020-08-19T13:10:20","slug":"waldir-calmon-e-seu-conjunto-para-ouivr-amando-n-2-1959","status":"publish","type":"post","link":"https:\/\/www.toque-musicall.com\/?p=7738","title":{"rendered":"Waldir Calmon E Seu Conjunto &#8211; Para Ouvir Amando N.2 (1959)"},"content":{"rendered":"\n<figure class=\"wp-block-image size-large\"><img decoding=\"async\" src=\"https:\/\/1.bp.blogspot.com\/-7q1gaByQc_I\/XzyBfpBpCSI\/AAAAAAAARzM\/mFQ03L40-cgKNxlN0hiitL3gx5H5jF4_QCLcBGAsYHQ\/s640\/Anota%25C3%25A7%25C3%25A3o%2B2020-08-18%2B223010.jpg\" alt=\"\"\/><\/figure>\n\n\n\n<figure class=\"wp-block-image size-large\"><img decoding=\"async\" src=\"https:\/\/1.bp.blogspot.com\/-6SfAVIAe-O8\/XzyBfp73UiI\/AAAAAAAARzI\/pUhmU4u-TskLHOJPlVeLE06XU_TuYuAigCLcBGAsYHQ\/s640\/Anota%25C3%25A7%25C3%25A3o%2B2020-08-18%2B223129.jpg\" alt=\"\"\/><\/figure>\n\n\n<div class=\"separator\">E a\u00ed, meus prezados amigos cultos e ocultos, boa noite! N\u00e3o sou muito favor\u00e1vel a colocar no Toque Musical a discografia completa de um determinado artista, mas existem alguns que acabam, por uma raz\u00e3o ou outra, sempre presentes em nossas postagens. Este \u00e9 o caso do Waldir Calmon que aqui mesmo eu aprendi a amar. E pensar que na minha adolesc\u00eancia eu via esses discos e achava uma tremenda cafonice e quando n\u00e3o, &#8216;coisas de v\u00e9io&#8217;. \u00c9, acho que fiquei velho e talvez por isso mesmo passei a apreciar a arte desse grande &#8216;band leader&#8217;. E assim, mais uma vez temos o Waldir Calmon, dessa vez em um lp de 12 polegadas, de 1959. Neste disco, &#8220;Para Ouvir Amando N. 2&#8221; vamos encontrar um repert\u00f3rio de bolero, fox e samba, m\u00fasicas selecionadas, com destaque especial para os sambas, onde vamos encontrar o &#8220;Ho-b\u00e1-l\u00e1-l\u00e1&#8221;, de Jo\u00e3o Gilberto; &#8220;Pro Causa de Voc\u00ea&#8221;, de Antonio Carlos Jobim e Dolores Duran; &#8220;Se Algu\u00e9m Telefonar&#8221;, de Alcyr Pires Vermelho e Jair Amorim. Est\u00e1 a\u00ed um disco que merece aten\u00e7\u00e3o, inclusive pela sonoridade com solos tamb\u00e9m de guitarra em contraponto com o piano. Show! Confiram no GTM&#8230;<\/div>\n<div class=\"separator\">&nbsp;<\/div>\n<div class=\"separator\">regalo de viaje &#8211; sabras que te quiero<\/div>\n<div class=\"separator\">charmaine &#8211; begin the beguine<\/div>\n<div class=\"separator\">por causa de voc\u00ea &#8211; se algu\u00e9m telefonar<\/div>\n<div class=\"separator\">hey there &#8211; flor de lys<\/div>\n<div class=\"separator\">ho-ba-l\u00e1-l\u00e1<\/div>\n<div class=\"separator\">gauchinha benquerer &#8211; linda flor<\/div>\n<div class=\"separator\">&nbsp;<\/div>\n<div class=\"separator\">&nbsp;<\/div>\n<div class=\"separator\">.<\/div>\n\n\n<p><\/p>\n","protected":false},"excerpt":{"rendered":"<p>E a\u00ed, meus prezados amigos cultos e ocultos, boa noite! N\u00e3o sou muito favor\u00e1vel a colocar no Toque Musical a discografia completa de um determinado artista, mas existem alguns que acabam, por uma raz\u00e3o ou outra, sempre presentes em nossas &hellip; <a href=\"https:\/\/www.toque-musicall.com\/?p=7738\">Continue lendo <span class=\"meta-nav\">&rarr;<\/span><\/a><\/p>\n","protected":false},"author":1,"featured_media":0,"comment_status":"closed","ping_status":"closed","sticky":false,"template":"","format":"standard","meta":{"footnotes":""},"categories":[152,665],"tags":[3108,3841],"class_list":["post-7738","post","type-post","status-publish","format-standard","hentry","category-selo-copacabana","category-waldir-calmon","tag-selo-copacabana","tag-waldir-calmon"],"_links":{"self":[{"href":"https:\/\/www.toque-musicall.com\/index.php?rest_route=\/wp\/v2\/posts\/7738","targetHints":{"allow":["GET"]}}],"collection":[{"href":"https:\/\/www.toque-musicall.com\/index.php?rest_route=\/wp\/v2\/posts"}],"about":[{"href":"https:\/\/www.toque-musicall.com\/index.php?rest_route=\/wp\/v2\/types\/post"}],"author":[{"embeddable":true,"href":"https:\/\/www.toque-musicall.com\/index.php?rest_route=\/wp\/v2\/users\/1"}],"replies":[{"embeddable":true,"href":"https:\/\/www.toque-musicall.com\/index.php?rest_route=%2Fwp%2Fv2%2Fcomments&post=7738"}],"version-history":[{"count":2,"href":"https:\/\/www.toque-musicall.com\/index.php?rest_route=\/wp\/v2\/posts\/7738\/revisions"}],"predecessor-version":[{"id":7740,"href":"https:\/\/www.toque-musicall.com\/index.php?rest_route=\/wp\/v2\/posts\/7738\/revisions\/7740"}],"wp:attachment":[{"href":"https:\/\/www.toque-musicall.com\/index.php?rest_route=%2Fwp%2Fv2%2Fmedia&parent=7738"}],"wp:term":[{"taxonomy":"category","embeddable":true,"href":"https:\/\/www.toque-musicall.com\/index.php?rest_route=%2Fwp%2Fv2%2Fcategories&post=7738"},{"taxonomy":"post_tag","embeddable":true,"href":"https:\/\/www.toque-musicall.com\/index.php?rest_route=%2Fwp%2Fv2%2Ftags&post=7738"}],"curies":[{"name":"wp","href":"https:\/\/api.w.org\/{rel}","templated":true}]}}