{"id":7748,"date":"2020-08-21T16:55:00","date_gmt":"2020-08-21T19:55:00","guid":{"rendered":"http:\/\/www.toque-musicall.com\/?p=7748"},"modified":"2020-08-23T16:58:55","modified_gmt":"2020-08-23T19:58:55","slug":"grupo-tocaia-aracari-1987","status":"publish","type":"post","link":"https:\/\/www.toque-musicall.com\/?p=7748","title":{"rendered":"Grupo Tocaia &#8211; Ara\u00e7ari (1987)"},"content":{"rendered":"\n<figure class=\"wp-block-image size-large\"><img decoding=\"async\" src=\"https:\/\/1.bp.blogspot.com\/-m31Svsm-6p0\/X0LBLAMW8AI\/AAAAAAAAR0I\/1uqh110XT1Abj6oHWujzVzD1PwWcDnyqQCLcBGAsYHQ\/s640\/Anota%25C3%25A7%25C3%25A3o%2B2020-08-23%2B111806.jpg\" alt=\"\"\/><\/figure>\n\n\n\n<figure class=\"wp-block-image size-large\"><img decoding=\"async\" src=\"https:\/\/1.bp.blogspot.com\/-BDvx9CSsyjc\/X0LBLDjs5CI\/AAAAAAAAR0M\/psJq5Hl_ZzArR8dWn-ckRIq1bHkVE71dQCLcBGAsYHQ\/s640\/Anota%25C3%25A7%25C3%25A3o%2B2020-08-23%2B111919.jpg\" alt=\"\"\/><\/figure>\n\n\n<p>Ol\u00e1, car\u00edssimos amigos cultos e ocultos! Hoje o nosso encontro \u00e9 com o Grupo Tocaia e seu lp de 1987. O Grupo Tocaia, ao que tudo indica \u00e9 mineiro e o disco foi gravado na Bemol. Infelizmente, as informa\u00e7\u00f5es sobre este grupo \u00e9 quase inexistente, da\u00ed s\u00f3 podemos nos basear em poucos dados, a come\u00e7ar pelo pr\u00f3prio disco. Pela internet tamb\u00e9m n\u00e3o temos muito al\u00e9m de saber que um de seus integrantes (Wladimir Mis\u00f3) seguiu na m\u00fasica sertaneja, levando o g\u00eanero para os Estados Unidos, onde mora atualmente. Mas voltando no tempo, temos o Grupo Tocaia cujo o trabalho, &#8220;Ara\u00e7ari&#8221;, \u00e9 um disco bacana, jovem e regional H\u00e1 nele uma pitada de rock rural, de reggae, pop e da pr\u00f3pria mpb expressa em letras e nas can\u00e7\u00f5es. A dire\u00e7\u00e3o de produ\u00e7\u00e3o e arranjos s\u00e3o do saxofonista mineiro Jairo Lara, o que \u00e9, sem d\u00favida, garantia de um trabalho de qualidade. Confiram no GTM&#8230;<\/p>\n<div>semente \u00e9 aguardente<\/div>\n<div>salve salvador<\/div>\n<div>cantador<\/div>\n<div>tocaia<\/div>\n<div>suasui<\/div>\n<div>luz natural<\/div>\n<div>amo a terra<\/div>\n<div>ara\u00e7ari<\/div>\n<div>alexandrinta<\/div>\n<div>z\u00e9 que eram<\/div>\n<div>\u00a0<\/div>\n<p><br \/>.<\/p>\n\n\n<p><\/p>\n","protected":false},"excerpt":{"rendered":"<p>Ol\u00e1, car\u00edssimos amigos cultos e ocultos! Hoje o nosso encontro \u00e9 com o Grupo Tocaia e seu lp de 1987. O Grupo Tocaia, ao que tudo indica \u00e9 mineiro e o disco foi gravado na Bemol. Infelizmente, as informa\u00e7\u00f5es sobre &hellip; <a href=\"https:\/\/www.toque-musicall.com\/?p=7748\">Continue lendo <span class=\"meta-nav\">&rarr;<\/span><\/a><\/p>\n","protected":false},"author":1,"featured_media":0,"comment_status":"closed","ping_status":"closed","sticky":false,"template":"","format":"standard","meta":{"footnotes":""},"categories":[3848,257],"tags":[3849],"class_list":["post-7748","post","type-post","status-publish","format-standard","hentry","category-grupo-tocaia","category-selo-bemol","tag-grupo-tocaia"],"_links":{"self":[{"href":"https:\/\/www.toque-musicall.com\/index.php?rest_route=\/wp\/v2\/posts\/7748","targetHints":{"allow":["GET"]}}],"collection":[{"href":"https:\/\/www.toque-musicall.com\/index.php?rest_route=\/wp\/v2\/posts"}],"about":[{"href":"https:\/\/www.toque-musicall.com\/index.php?rest_route=\/wp\/v2\/types\/post"}],"author":[{"embeddable":true,"href":"https:\/\/www.toque-musicall.com\/index.php?rest_route=\/wp\/v2\/users\/1"}],"replies":[{"embeddable":true,"href":"https:\/\/www.toque-musicall.com\/index.php?rest_route=%2Fwp%2Fv2%2Fcomments&post=7748"}],"version-history":[{"count":1,"href":"https:\/\/www.toque-musicall.com\/index.php?rest_route=\/wp\/v2\/posts\/7748\/revisions"}],"predecessor-version":[{"id":7749,"href":"https:\/\/www.toque-musicall.com\/index.php?rest_route=\/wp\/v2\/posts\/7748\/revisions\/7749"}],"wp:attachment":[{"href":"https:\/\/www.toque-musicall.com\/index.php?rest_route=%2Fwp%2Fv2%2Fmedia&parent=7748"}],"wp:term":[{"taxonomy":"category","embeddable":true,"href":"https:\/\/www.toque-musicall.com\/index.php?rest_route=%2Fwp%2Fv2%2Fcategories&post=7748"},{"taxonomy":"post_tag","embeddable":true,"href":"https:\/\/www.toque-musicall.com\/index.php?rest_route=%2Fwp%2Fv2%2Ftags&post=7748"}],"curies":[{"name":"wp","href":"https:\/\/api.w.org\/{rel}","templated":true}]}}