{"id":7750,"date":"2020-08-22T21:59:00","date_gmt":"2020-08-23T00:59:00","guid":{"rendered":"http:\/\/www.toque-musicall.com\/?p=7750"},"modified":"2020-08-24T15:08:00","modified_gmt":"2020-08-24T18:08:00","slug":"laercio-de-freitas-terna-saudade-1988","status":"publish","type":"post","link":"https:\/\/www.toque-musicall.com\/?p=7750","title":{"rendered":"Laercio de Freitas &#8211; Terna Saudade (1988)"},"content":{"rendered":"\n<figure class=\"wp-block-image size-large\"><img decoding=\"async\" src=\"https:\/\/1.bp.blogspot.com\/-Rnnjkc0nHe8\/X0MPmaaBeEI\/AAAAAAAAR0Y\/Ilot7aCVRugnyQztSktKadwBFsLdvytYQCLcBGAsYHQ\/s640\/Anota%25C3%25A7%25C3%25A3o%2B2020-08-23%2B215248.jpg\" alt=\"\"\/><\/figure>\n\n\n\n<figure class=\"wp-block-image size-large\"><img decoding=\"async\" src=\"https:\/\/1.bp.blogspot.com\/-qM03e_Fe01g\/X0MPm3-dUXI\/AAAAAAAAR0c\/LjvW85M9lk4eRwl50tC8Jp3BzldBlKaHQCLcBGAsYHQ\/s640\/Anota%25C3%25A7%25C3%25A3o%2B2020-08-23%2B215330.jpg\" alt=\"\"\/><\/figure>\n\n\n<p>Pianista, tecladista, maestro, compositor e ator. Assim \u00e9 La\u00e9rcio de Freitas, que o Toque Musical p\u00f5e em foco no dia de hoje. La\u00e9rcio nasceu em Campinas, interior de S\u00e3o Paulo, em 20 de junho de 1941. Estudou piano no Conservat\u00f3rio Carlos Gomes, graduando-se em 1957. A partir de 1966, deu in\u00edcio a sua carreira internacional, apresentando-se na Europa, \u00c1sia e M\u00e9xico. No final dos anos 1960, substituiu Luiz E\u00e7a no grupo Tamba 4, oriundo do Tamba Trio. Em 1971, regressando ao Brasil, fez parte do grupo de Luiz Carlos Vinhas, gravando em compacto simples da Tapecar as m\u00fasicas \u201cCapim gordura\u201d, do pr\u00f3prio La\u00e9rcio, e \u201cChovendo na roseira\u201d, de Tom Jobim. \u201cCapim gordura\u201d estourou nas paradas de sucesso da \u00e9poca e seria regravada por La\u00e9rcio um ano mais tarde, em seu primeiro LP como solista, \u201cLa\u00e9rcio de Freitas e o som roceiro\u201d. La\u00e9rcio acompanhou artistas como Maria Beth\u00e2nia, \u00c2ngela Maria, Marcos Valle, Wilson Simonal, Nancy Wilson, The Supremes, Quarteto em Cy, Martinho da Vila, Ivan Lins, C\u00e9sar Costa Filho, Em\u00edlio Santiago e muitos outros. Integrou a Orquestra Tabajara, de Severino Ara\u00fajo, e do sexteto de Radam\u00e9s Gnattali. Em 1980, lan\u00e7ou pela Eldorado o \u00e1lbum \u201cS\u00e3o Paulo no balan\u00e7o do choro\u201d, totalmente autoral, e participou de alguns discos da s\u00e9rie \u201cUm piano ao cair da tarde\u201d, da mesma gravadora. Dois anos mais tarde, passou a se dedicar cada vez mais \u00e0 orquestra\u00e7\u00e3o e \u00e0 reg\u00eancia, al\u00e9m de elaborar arranjos para o pianista Arthur Moreira Lima. Na televis\u00e3o, participou de programas como \u201cUm toque de classe\u201d, da extinta Rede Manchete, \u201cAlegria do choro\u201d e \u201cCaf\u00e9 Concerto\u201d, ambos na TV Cultura de S\u00e3o Paulo. Na Rede Globo, foi ator nas novelas \u201cMulheres apaixonadas\u201d e \u201cViver a vida\u201d. No cinema, ganhou o Kikito de Ouro, pr\u00eamio do Festival de Gramado, em 1999, pela trilha sonora do filme \u201cAmassa que elas gostam\u201d, de Fernando Coster, e ainda participou de outros dois filmes como ator: \u201cJardim Belel\u00e9u\u201d (2009) e \u201cChibata\u201d (2015), neste \u00faltimo fazendo o papel\u00a0 de Jo\u00e3o C\u00e2ndido, o l\u00edder dos marinheiros em 1910 depondo para a posteridade em 1968. Enfim, um artista completo, tamb\u00e9m pai da atriz e cantora Thalma de Freitas. Em \u201cTerna saudade\u201d, \u00e1lbum de 1988 que o TM oferece hoje a seus amigos cultos e ocultos, La\u00e9rcio de Freitas interpreta, em solo de piano, onze cl\u00e1ssicos de nosso cancioneiro, como a faixa-t\u00edtulo, \u201cL\u00e1bios que beijei\u201d, \u201cMaring\u00e1\u201d, \u201cCarinhoso\u201d e \u201cCasinha pequenina\u201d. Como escreve Nina Rosa na contracapa, La\u00e9rcio tem um modo jeitoso e peculiar de tocar seu instrumento, como os pianeiros do cinema mudo, tamb\u00e9m revivendo os saraus de antigamente. Enfim, \u00e9 um disco que faz a gente voltar no tempo, mais uma produ\u00e7\u00e3o digna de nosso Toque Musical. N\u00e3o deixem de conferir no GTM.<\/p>\n<div>flor amorosa<\/div>\n<div>subindo ao c\u00e9u<\/div>\n<div>casinha pequenina<\/div>\n<div>chu\u00e1 chu\u00e1<\/div>\n<div>jovial<\/div>\n<div>lua branca<\/div>\n<div>carinhoso<\/div>\n<div>maring\u00e1<\/div>\n<div>talento e formosura<\/div>\n<div>terna saudade<\/div>\n<div>l\u00e1bios que beijei<\/div>\n<div>\u00a0<\/div>\n<div>\u00a0<\/div>\n<p>*Texto de Samuel Machado Filho\u00a0<\/p>\n\n\n<p><\/p>\n","protected":false},"excerpt":{"rendered":"<p>Pianista, tecladista, maestro, compositor e ator. Assim \u00e9 La\u00e9rcio de Freitas, que o Toque Musical p\u00f5e em foco no dia de hoje. La\u00e9rcio nasceu em Campinas, interior de S\u00e3o Paulo, em 20 de junho de 1941. Estudou piano no Conservat\u00f3rio &hellip; <a href=\"https:\/\/www.toque-musicall.com\/?p=7750\">Continue lendo <span class=\"meta-nav\">&rarr;<\/span><\/a><\/p>\n","protected":false},"author":1,"featured_media":0,"comment_status":"closed","ping_status":"closed","sticky":false,"template":"","format":"standard","meta":{"footnotes":""},"categories":[3851,25],"tags":[3850,3017],"class_list":["post-7750","post","type-post","status-publish","format-standard","hentry","category-laercio-de-freitas","category-selo-independente","tag-laercio-de-freitas","tag-selo-independente"],"_links":{"self":[{"href":"https:\/\/www.toque-musicall.com\/index.php?rest_route=\/wp\/v2\/posts\/7750","targetHints":{"allow":["GET"]}}],"collection":[{"href":"https:\/\/www.toque-musicall.com\/index.php?rest_route=\/wp\/v2\/posts"}],"about":[{"href":"https:\/\/www.toque-musicall.com\/index.php?rest_route=\/wp\/v2\/types\/post"}],"author":[{"embeddable":true,"href":"https:\/\/www.toque-musicall.com\/index.php?rest_route=\/wp\/v2\/users\/1"}],"replies":[{"embeddable":true,"href":"https:\/\/www.toque-musicall.com\/index.php?rest_route=%2Fwp%2Fv2%2Fcomments&post=7750"}],"version-history":[{"count":3,"href":"https:\/\/www.toque-musicall.com\/index.php?rest_route=\/wp\/v2\/posts\/7750\/revisions"}],"predecessor-version":[{"id":7753,"href":"https:\/\/www.toque-musicall.com\/index.php?rest_route=\/wp\/v2\/posts\/7750\/revisions\/7753"}],"wp:attachment":[{"href":"https:\/\/www.toque-musicall.com\/index.php?rest_route=%2Fwp%2Fv2%2Fmedia&parent=7750"}],"wp:term":[{"taxonomy":"category","embeddable":true,"href":"https:\/\/www.toque-musicall.com\/index.php?rest_route=%2Fwp%2Fv2%2Fcategories&post=7750"},{"taxonomy":"post_tag","embeddable":true,"href":"https:\/\/www.toque-musicall.com\/index.php?rest_route=%2Fwp%2Fv2%2Ftags&post=7750"}],"curies":[{"name":"wp","href":"https:\/\/api.w.org\/{rel}","templated":true}]}}