{"id":7754,"date":"2020-08-23T07:24:00","date_gmt":"2020-08-23T10:24:00","guid":{"rendered":"http:\/\/www.toque-musicall.com\/?p=7754"},"modified":"2020-08-25T07:29:56","modified_gmt":"2020-08-25T10:29:56","slug":"pegando-fogo-sambas-pagodes-198","status":"publish","type":"post","link":"https:\/\/www.toque-musicall.com\/?p=7754","title":{"rendered":"Pegando Fogo &#8211; Sambas &#038; Pagodes (198&#8230;)"},"content":{"rendered":"\n<figure class=\"wp-block-image size-large\"><img decoding=\"async\" src=\"https:\/\/1.bp.blogspot.com\/-9D5QCH1xVM0\/X0RvKJFNUMI\/AAAAAAAAR0s\/7x5sTOV1QMIlKgSPQd8zz7p8nE0jJuIWwCLcBGAsYHQ\/s640\/Anota%25C3%25A7%25C3%25A3o%2B2020-08-23%2B185356.jpg\" alt=\"\"\/><\/figure>\n\n\n\n<figure class=\"wp-block-image size-large\"><img decoding=\"async\" src=\"https:\/\/1.bp.blogspot.com\/-oDQG-3DgYmc\/X0RvKNu4EDI\/AAAAAAAAR0w\/MLjv-E-HpcwH7F9xmPsQISzJzBDpXG-5QCLcBGAsYHQ\/s640\/Anota%25C3%25A7%25C3%25A3o%2B2020-08-23%2B185556.jpg\" alt=\"\"\/><\/figure>\n\n\n<p>Boas noites, amigu\u00edssimos cultos e ocultos! Meio que no acaso fui buscar este disco entre tantos que aguardam pela triagem. Achei interessante a capa e mais ainda o conte\u00fado, o que se confirmou quando coloquei o escurinho para rodar. Caramba, que disco bom! Um grupo de sambistas, por certo cariocas, se alternando em doze faixas, com arranjos do maestro Agostinho Silva, da Orquestra Commander. Como podemos ver logo pela capa, temos L\u00e9o Costa, Paulo Oliveira, Tito Reis, Carlinhos do Imp\u00e9rio, Lays de Oliveira e Samuel Coragem, nossos artistas int\u00e9rpretes numa sele\u00e7\u00e3o de sambas &#8216;de primeira&#8217;. Infelizmente, n\u00e3o h\u00e1 informa\u00e7\u00f5es sobre a data de lan\u00e7amento. Mas com certeza deve ser do in\u00edcio dos anos 80, ou mantes.. n\u00e3o importa&#8230; o que importa est\u00e1 no GTM, confiram&#8230;<\/p>\n<div>pegando fogo &#8211; l\u00e9o costa<\/div>\n<div>que sorriso &#8211; paulo oliveira<\/div>\n<div>senti firmeza &#8211; l\u00e9o costa<\/div>\n<div>n\u00e3o diga nada &#8211; tito reis<\/div>\n<div>vou esperar &#8211; lays de oliveira<\/div>\n<div>cad\u00ea o verde &#8211; samuel coragem<\/div>\n<div>o p\u00e1ssaro &#8211; carlinhos do imp\u00e9rio<\/div>\n<div>mulher perere &#8211; carlinhos do imp\u00e9rio<\/div>\n<div>vida de cachorro &#8211; l\u00e9o costa<\/div>\n<div>a d\u00favida &#8211; paulo oliveira<\/div>\n<div>realista &#8211; tito reis<\/div>\n<div>ao meu lado &#8211; lays de oliveira<\/div>\n<p>.<\/p>","protected":false},"excerpt":{"rendered":"<p>Boas noites, amigu\u00edssimos cultos e ocultos! Meio que no acaso fui buscar este disco entre tantos que aguardam pela triagem. Achei interessante a capa e mais ainda o conte\u00fado, o que se confirmou quando coloquei o escurinho para rodar. Caramba, &hellip; <a href=\"https:\/\/www.toque-musicall.com\/?p=7754\">Continue lendo <span class=\"meta-nav\">&rarr;<\/span><\/a><\/p>\n","protected":false},"author":1,"featured_media":0,"comment_status":"closed","ping_status":"closed","sticky":false,"template":"","format":"standard","meta":{"footnotes":""},"categories":[3853,25],"tags":[3852,3017],"class_list":["post-7754","post","type-post","status-publish","format-standard","hentry","category-pegando-fogo","category-selo-independente","tag-pegando-fogo","tag-selo-independente"],"_links":{"self":[{"href":"https:\/\/www.toque-musicall.com\/index.php?rest_route=\/wp\/v2\/posts\/7754","targetHints":{"allow":["GET"]}}],"collection":[{"href":"https:\/\/www.toque-musicall.com\/index.php?rest_route=\/wp\/v2\/posts"}],"about":[{"href":"https:\/\/www.toque-musicall.com\/index.php?rest_route=\/wp\/v2\/types\/post"}],"author":[{"embeddable":true,"href":"https:\/\/www.toque-musicall.com\/index.php?rest_route=\/wp\/v2\/users\/1"}],"replies":[{"embeddable":true,"href":"https:\/\/www.toque-musicall.com\/index.php?rest_route=%2Fwp%2Fv2%2Fcomments&post=7754"}],"version-history":[{"count":2,"href":"https:\/\/www.toque-musicall.com\/index.php?rest_route=\/wp\/v2\/posts\/7754\/revisions"}],"predecessor-version":[{"id":7756,"href":"https:\/\/www.toque-musicall.com\/index.php?rest_route=\/wp\/v2\/posts\/7754\/revisions\/7756"}],"wp:attachment":[{"href":"https:\/\/www.toque-musicall.com\/index.php?rest_route=%2Fwp%2Fv2%2Fmedia&parent=7754"}],"wp:term":[{"taxonomy":"category","embeddable":true,"href":"https:\/\/www.toque-musicall.com\/index.php?rest_route=%2Fwp%2Fv2%2Fcategories&post=7754"},{"taxonomy":"post_tag","embeddable":true,"href":"https:\/\/www.toque-musicall.com\/index.php?rest_route=%2Fwp%2Fv2%2Ftags&post=7754"}],"curies":[{"name":"wp","href":"https:\/\/api.w.org\/{rel}","templated":true}]}}