{"id":7757,"date":"2020-08-25T07:32:33","date_gmt":"2020-08-25T10:32:33","guid":{"rendered":"http:\/\/www.toque-musicall.com\/?p=7757"},"modified":"2020-08-25T07:34:04","modified_gmt":"2020-08-25T10:34:04","slug":"joao-nogueira-de-amor-e-bom-1985","status":"publish","type":"post","link":"https:\/\/www.toque-musicall.com\/?p=7757","title":{"rendered":"Jo\u00e3o Nogueira &#8211; De Amor \u00c9 Bom (1985)"},"content":{"rendered":"\n<figure class=\"wp-block-image size-large\"><img decoding=\"async\" src=\"https:\/\/1.bp.blogspot.com\/-Iml5LmpMxvA\/X0Ti4tkKmrI\/AAAAAAAAR1M\/r7ewVQ7yw00v3LncTs0BRDTz2AAC8a-igCLcBGAsYHQ\/s640\/Anota%25C3%25A7%25C3%25A3o%2B2020-08-24%2B160359.jpg\" alt=\"\"\/><\/figure>\n\n\n\n<figure class=\"wp-block-image size-large\"><img decoding=\"async\" src=\"https:\/\/1.bp.blogspot.com\/-DWF_Pt-SO08\/X0Ti4TlPdUI\/AAAAAAAAR1I\/hmYClmoqlSU_u0au8I3MqRelYm9JXbjjACLcBGAsYHQ\/s640\/Anota%25C3%25A7%25C3%25A3o%2B2020-08-24%2B160226.jpg\" alt=\"\"\/><\/figure>\n\n\n<p>Muito bom dia a todos os companheiros, amigos cultos e ocultos! Tamb\u00e9m de forma sortida selecionei este disco do Jo\u00e3o Nogueira para a nossa postagem de hoje. Aqui temos um lp gravado em 1985. Um disco onde Jo\u00e3o nos apresenta dez sambas, sendo boa parte desses de sua pr\u00f3pria autoria e \/ou com seus parceiros. Este disco foi uma produ\u00e7\u00e3o de Paulo C\u00e9sar Pinheiro, que tamb\u00e9m participa do trabalho. E os arranjos e reg\u00eancia s\u00e3o do violonista H\u00e9lio Delmiro, que tamb\u00e9m \u00e9 outro presente em algumas faixas. N\u00e3o tem nem como n\u00e3o agradar. \u00c9 Jo\u00e3o Nogueira, confiram!<\/p>\n<div>de amor \u00e9 bom<\/div>\n<div>pimba na pitomba<\/div>\n<div>jornal cantado<\/div>\n<div>terra gira<\/div>\n<div>ben-hur dos macacos<\/div>\n<div>rei senhor, rei zumbi, rei nag\u00f4<\/div>\n<div>chav\u00e3o<\/div>\n<div>\u00e9 disso que o povo gosta<\/div>\n<div>al\u00f4 rio<\/div>\n<div>rancho da natureza<\/div>\n<p>.<\/p>\n\n\n<p><\/p>\n","protected":false},"excerpt":{"rendered":"<p>Muito bom dia a todos os companheiros, amigos cultos e ocultos! Tamb\u00e9m de forma sortida selecionei este disco do Jo\u00e3o Nogueira para a nossa postagem de hoje. Aqui temos um lp gravado em 1985. Um disco onde Jo\u00e3o nos apresenta &hellip; <a href=\"https:\/\/www.toque-musicall.com\/?p=7757\">Continue lendo <span class=\"meta-nav\">&rarr;<\/span><\/a><\/p>\n","protected":false},"author":1,"featured_media":0,"comment_status":"closed","ping_status":"closed","sticky":false,"template":"","format":"standard","meta":{"footnotes":""},"categories":[705,18],"tags":[3854,3040],"class_list":["post-7757","post","type-post","status-publish","format-standard","hentry","category-joao-nogueira","category-selo-rca","tag-joao-nogueira","tag-selo-rca"],"_links":{"self":[{"href":"https:\/\/www.toque-musicall.com\/index.php?rest_route=\/wp\/v2\/posts\/7757","targetHints":{"allow":["GET"]}}],"collection":[{"href":"https:\/\/www.toque-musicall.com\/index.php?rest_route=\/wp\/v2\/posts"}],"about":[{"href":"https:\/\/www.toque-musicall.com\/index.php?rest_route=\/wp\/v2\/types\/post"}],"author":[{"embeddable":true,"href":"https:\/\/www.toque-musicall.com\/index.php?rest_route=\/wp\/v2\/users\/1"}],"replies":[{"embeddable":true,"href":"https:\/\/www.toque-musicall.com\/index.php?rest_route=%2Fwp%2Fv2%2Fcomments&post=7757"}],"version-history":[{"count":2,"href":"https:\/\/www.toque-musicall.com\/index.php?rest_route=\/wp\/v2\/posts\/7757\/revisions"}],"predecessor-version":[{"id":7759,"href":"https:\/\/www.toque-musicall.com\/index.php?rest_route=\/wp\/v2\/posts\/7757\/revisions\/7759"}],"wp:attachment":[{"href":"https:\/\/www.toque-musicall.com\/index.php?rest_route=%2Fwp%2Fv2%2Fmedia&parent=7757"}],"wp:term":[{"taxonomy":"category","embeddable":true,"href":"https:\/\/www.toque-musicall.com\/index.php?rest_route=%2Fwp%2Fv2%2Fcategories&post=7757"},{"taxonomy":"post_tag","embeddable":true,"href":"https:\/\/www.toque-musicall.com\/index.php?rest_route=%2Fwp%2Fv2%2Ftags&post=7757"}],"curies":[{"name":"wp","href":"https:\/\/api.w.org\/{rel}","templated":true}]}}