{"id":7760,"date":"2020-08-25T11:38:00","date_gmt":"2020-08-25T14:38:00","guid":{"rendered":"http:\/\/www.toque-musicall.com\/?p=7760"},"modified":"2020-08-28T11:42:50","modified_gmt":"2020-08-28T14:42:50","slug":"premio-cidade-de-s-sebastiao-do-rj-os-melhores-do-disco-nacional-1965","status":"publish","type":"post","link":"https:\/\/www.toque-musicall.com\/?p=7760","title":{"rendered":"Pr\u00eamio Cidade De S. Sebasti\u00e3o Do RJ &#8211; Os Melhores Do Disco Nacional (1965)"},"content":{"rendered":"\n<figure class=\"wp-block-image size-large\"><img decoding=\"async\" src=\"https:\/\/1.bp.blogspot.com\/-P8Ayb4lr9hU\/X0jc_SWDoXI\/AAAAAAAAR1g\/OYPoh3b_cfUX-V_aR3AW-KAI9vkmZfMngCLcBGAsYHQ\/s640\/Anota%25C3%25A7%25C3%25A3o%2B2020-08-21%2B203832.jpg\" alt=\"\"\/><\/figure>\n\n\n\n<figure class=\"wp-block-image size-large\"><img decoding=\"async\" src=\"https:\/\/1.bp.blogspot.com\/-xkw1b0eLMlQ\/X0jc_ddAzrI\/AAAAAAAAR1k\/DMoKYZYHHLA2BXZmxI0NTL1ESe85XE7DgCLcBGAsYHQ\/s640\/Anota%25C3%25A7%25C3%25A3o%2B2020-08-21%2B203929.jpg\" alt=\"\"\/><\/figure>\n\n\n<p>Ol\u00e1, amigos cultos e ocultos! Hoje o Toque Musical apresenta uma colet\u00e2nea muito interessante, lan\u00e7ada pela Odeon em 1965, reunindo alguns dos agraciados com o Pr\u00eamio Cidade de S\u00e3o Sebasti\u00e3o do Rio de Janeiro, idealizado pelo cr\u00edtico Claribalte Passos, do extinto jornal \u201cCorreio da Manh\u00e3\u201d, para premiar os melhores do disco no Brasil. \u00c9 ele quem, inclusive, assina o texto de contracapa deste disco, uma sele\u00e7\u00e3o acrescida de aplausos ao final de cada faixa, com o claro objetivo de dar ao ouvinte a sensa\u00e7\u00e3o de estar no local da premia\u00e7\u00e3o, o Teatro Municipal do Rio. O repert\u00f3rio, de fato, merece aplausos, pois tem \u00f3timos momentos pra gente recordar. Entre os premiados escolhidos para este \u00e1lbum, est\u00e3o Moreira da Silva (\u201cO rei do gatilho\u201d), Dalva de Oliveira (\u201cRancho da Pra\u00e7a Onze\u201d), Jo\u00e3o Gilberto (\u201cDesafinado\u201d), o grande Wilson Simonal (apresentando um pot-pourri de bossa nova), Elza Soares (\u201cO samba brasileiro\u201d) e Dorival Caymmi (\u201cSaudade da Bahia\u201d). Abrindo o disco, uma composi\u00e7\u00e3o do pr\u00f3prio Claribalte Passos, \u201cRio, eterna capital\u201d, executada por orquestra. E, encerrando com chave de ouro, o \u201cRancho das flores\u201d, com a Banda do Corpo de Bombeiros do Rio de Janeiro. Ao ouvirem este disco que merece com todos os m\u00e9ritos o nosso TM, voc\u00eas com certeza tamb\u00e9m ter\u00e3o vontade de aplaudir o repert\u00f3rio aqui inclu\u00eddo. \u00c9 s\u00f3 ir ao GTM e conferir.<\/p>\n<div>rio eterna capital &#8211; orquestra<\/div>\n<div>reza &#8211; pery ribeiro<\/div>\n<div>o rei do gatilho &#8211; moreira da silva<\/div>\n<div>rancho da pra\u00e7a onze &#8211; dalva de oliveira<\/div>\n<div>pot pourri de bossa nova &#8211; wilson simonal<\/div>\n<div>\u00faltima inspira\u00e7\u00e3o &#8211; luperce miranda<\/div>\n<div>prece &#8211; dalva de oliveira<\/div>\n<div>samba de ver\u00e3o &#8211; marcos valle<\/div>\n<div>o samba brasileiro &#8211; elza soares<\/div>\n<div>desafinado &#8211; jo\u00e3o gilberto<\/div>\n<div>saudades da bahia &#8211; dorival caymmi<\/div>\n<div>rancho das flores &#8211; banda do corpo de bombeiros<\/div>\n<p><br \/><br \/>*Texto de Samuel Machado Filho<\/p>","protected":false},"excerpt":{"rendered":"<p>Ol\u00e1, amigos cultos e ocultos! Hoje o Toque Musical apresenta uma colet\u00e2nea muito interessante, lan\u00e7ada pela Odeon em 1965, reunindo alguns dos agraciados com o Pr\u00eamio Cidade de S\u00e3o Sebasti\u00e3o do Rio de Janeiro, idealizado pelo cr\u00edtico Claribalte Passos, do &hellip; <a href=\"https:\/\/www.toque-musicall.com\/?p=7760\">Continue lendo <span class=\"meta-nav\">&rarr;<\/span><\/a><\/p>\n","protected":false},"author":1,"featured_media":0,"comment_status":"closed","ping_status":"closed","sticky":false,"template":"","format":"standard","meta":{"footnotes":""},"categories":[3856,86],"tags":[3855,3153],"class_list":["post-7760","post","type-post","status-publish","format-standard","hentry","category-premio-cidade-de-s-sebastiao-do-rio-de-janeiro","category-selo-odeon","tag-premio-cidade-de-s-sebastiao-do-rio-de-janeiro","tag-selo-odeon"],"_links":{"self":[{"href":"https:\/\/www.toque-musicall.com\/index.php?rest_route=\/wp\/v2\/posts\/7760","targetHints":{"allow":["GET"]}}],"collection":[{"href":"https:\/\/www.toque-musicall.com\/index.php?rest_route=\/wp\/v2\/posts"}],"about":[{"href":"https:\/\/www.toque-musicall.com\/index.php?rest_route=\/wp\/v2\/types\/post"}],"author":[{"embeddable":true,"href":"https:\/\/www.toque-musicall.com\/index.php?rest_route=\/wp\/v2\/users\/1"}],"replies":[{"embeddable":true,"href":"https:\/\/www.toque-musicall.com\/index.php?rest_route=%2Fwp%2Fv2%2Fcomments&post=7760"}],"version-history":[{"count":2,"href":"https:\/\/www.toque-musicall.com\/index.php?rest_route=\/wp\/v2\/posts\/7760\/revisions"}],"predecessor-version":[{"id":7762,"href":"https:\/\/www.toque-musicall.com\/index.php?rest_route=\/wp\/v2\/posts\/7760\/revisions\/7762"}],"wp:attachment":[{"href":"https:\/\/www.toque-musicall.com\/index.php?rest_route=%2Fwp%2Fv2%2Fmedia&parent=7760"}],"wp:term":[{"taxonomy":"category","embeddable":true,"href":"https:\/\/www.toque-musicall.com\/index.php?rest_route=%2Fwp%2Fv2%2Fcategories&post=7760"},{"taxonomy":"post_tag","embeddable":true,"href":"https:\/\/www.toque-musicall.com\/index.php?rest_route=%2Fwp%2Fv2%2Ftags&post=7760"}],"curies":[{"name":"wp","href":"https:\/\/api.w.org\/{rel}","templated":true}]}}