{"id":7764,"date":"2020-08-26T11:48:00","date_gmt":"2020-08-26T14:48:00","guid":{"rendered":"http:\/\/www.toque-musicall.com\/?p=7764"},"modified":"2020-08-28T11:52:09","modified_gmt":"2020-08-28T14:52:09","slug":"carlos-jose-1959","status":"publish","type":"post","link":"https:\/\/www.toque-musicall.com\/?p=7764","title":{"rendered":"Carlos Jos\u00e9 (1959)"},"content":{"rendered":"\n<figure class=\"wp-block-image size-large\"><img decoding=\"async\" src=\"https:\/\/1.bp.blogspot.com\/-AkxD39tE_xk\/X0jwiatOe_I\/AAAAAAAAR18\/mZp8ef-XHRMRKsnUAido2fl3MEYLCYmggCLcBGAsYHQ\/s640\/Anota%25C3%25A7%25C3%25A3o%2B2020-08-28%2B083830.jpg\" alt=\"\"\/><\/figure>\n\n\n\n<figure class=\"wp-block-image size-large\"><img decoding=\"async\" src=\"https:\/\/1.bp.blogspot.com\/-Uz7ES90yn-w\/X0jwl5ayCEI\/AAAAAAAAR2A\/ErFTmmhZHb0yccYuKy9FasY5lRXyg1RdQCLcBGAsYHQ\/s640\/Anota%25C3%25A7%25C3%25A3o%2B2020-08-28%2B083725.jpg\" alt=\"\"\/><\/figure>\n\n\n<p>Ol\u00e1, amiguinhos cultos e ocultos! Hoje temos a presen\u00e7a do cantor Carlos Jos\u00e9, que infelizmente nos deixou em maio, vitimado pelo Covid 19. Essa praga est\u00e1 mesmo ceifando a vida de muita gente boa, infelizmente vivemos momentos p\u00e9ssimos, pois boa parte do mundo est\u00e1 nas m\u00e3os de gente canalha, ignorantes, radicais e fascistas. Aqui no Brasil essa chaga \u00e9 ainda maior, pois temos um governo de merda, mais sujo e mais corrupto, cujo o l\u00edder \u00e9 mesmo a encarna\u00e7\u00e3o do que temos de pior no ser humano. \u00c9 ainda mais triste perceber a ignor\u00e2ncia desse nosso povo. O brasileiro, em boa parte, \u00e9 um canalha, est\u00fapido e ignorante, pois mesmo passando por tudo que est\u00e1 passando ainda n\u00e3o conseguiu enxergar. Ta\u00ed uma coisa que \u00e9 comum a pobres e ricos, a ignor\u00e2ncia e estupidez. Por conta de tudo isso que estamos passando tive v\u00e1rias vezes vontade de encerrar o Toque Musical. S\u00e3o tantos os desgostos que esse (des)governo me traz que chego a desanimar. Por outra, s\u00f3 de pensar que entre os amigos cultos e ocultos existem tamb\u00e9m os idiotas, apoiadores desse lixo de governo fascista, j\u00e1 me deixa muito puto. Mas em nome da raz\u00e3o e de todos os queridos e verdadeiros amigos cultos, o Toque Musical continua ativo. Mas j\u00e1 estamos providenciando a exclus\u00e3o de todo e qualquer &#8216;fascistinha&#8217;. Aos poucos est\u00e3o sendo expulsos, pois desse tipo de gente eu n\u00e3o quero nem lembran\u00e7a. Aceito o camarada ser de Direita, conservador, mas fascista n\u00e3o! Apoiador de presidente canalha, tamb\u00e9m n\u00e3o! Ent\u00e3o, fica esperto e pianinho por aqui, sen\u00e3o t\u00e1 fora, ok?<br>Bom, mas voltando ao disco de hoje. temos aqui o que entendo como sendo o segundo lp de Carlos Jos\u00e9, antes ele s\u00f3 havia gravado os bolach\u00f5es de 78 rpm. Inclusive, seu primeiro lp tamb\u00e9m j\u00e1 foi postado aqui em outras \u00e9pocas. Neste, lp gravado pelo selo CBS, ao que consta foi lan\u00e7ado em 1959. \u00c9 um dos seus discos que eu acho mais interessante. Cheio de boleros, como cabia para aqueles tempos, mas tamb\u00e9m e principalmente, do lado B, temos um flerte com uma m\u00fasica moderna que naquele momento estava nascendo, a Bossa Nova. Eis aqui um disco importante, que por certo, um bom conhecedor de m\u00fasica popular brasileira n\u00e3o dispensa. N\u00e3o deixem de conferir no GTM&#8230;<\/p>\n<div>diga se \u00e9 verdade<\/div>\n<div>sabor de nada<\/div>\n<div>a barca de ouro<\/div>\n<div>queria<\/div>\n<div>a barca<\/div>\n<div>quando chegares<\/div>\n<div>coisa n. 1<\/div>\n<div>l\u00e1grimas de sonho<\/div>\n<div>tema do amor triste<\/div>\n<div>foi noite assim<\/div>\n<div>sem voc\u00ea sou assim<\/div>\n<div>maria bonita<\/div>\n<p>.<\/p>","protected":false},"excerpt":{"rendered":"<p>Ol\u00e1, amiguinhos cultos e ocultos! Hoje temos a presen\u00e7a do cantor Carlos Jos\u00e9, que infelizmente nos deixou em maio, vitimado pelo Covid 19. Essa praga est\u00e1 mesmo ceifando a vida de muita gente boa, infelizmente vivemos momentos p\u00e9ssimos, pois boa &hellip; <a href=\"https:\/\/www.toque-musicall.com\/?p=7764\">Continue lendo <span class=\"meta-nav\">&rarr;<\/span><\/a><\/p>\n","protected":false},"author":1,"featured_media":0,"comment_status":"closed","ping_status":"closed","sticky":false,"template":"","format":"standard","meta":{"footnotes":""},"categories":[835,178],"tags":[3636,3268],"class_list":["post-7764","post","type-post","status-publish","format-standard","hentry","category-carlos-jose","category-selo-cbs","tag-carlos-jose","tag-selo-cbs"],"_links":{"self":[{"href":"https:\/\/www.toque-musicall.com\/index.php?rest_route=\/wp\/v2\/posts\/7764","targetHints":{"allow":["GET"]}}],"collection":[{"href":"https:\/\/www.toque-musicall.com\/index.php?rest_route=\/wp\/v2\/posts"}],"about":[{"href":"https:\/\/www.toque-musicall.com\/index.php?rest_route=\/wp\/v2\/types\/post"}],"author":[{"embeddable":true,"href":"https:\/\/www.toque-musicall.com\/index.php?rest_route=\/wp\/v2\/users\/1"}],"replies":[{"embeddable":true,"href":"https:\/\/www.toque-musicall.com\/index.php?rest_route=%2Fwp%2Fv2%2Fcomments&post=7764"}],"version-history":[{"count":2,"href":"https:\/\/www.toque-musicall.com\/index.php?rest_route=\/wp\/v2\/posts\/7764\/revisions"}],"predecessor-version":[{"id":7766,"href":"https:\/\/www.toque-musicall.com\/index.php?rest_route=\/wp\/v2\/posts\/7764\/revisions\/7766"}],"wp:attachment":[{"href":"https:\/\/www.toque-musicall.com\/index.php?rest_route=%2Fwp%2Fv2%2Fmedia&parent=7764"}],"wp:term":[{"taxonomy":"category","embeddable":true,"href":"https:\/\/www.toque-musicall.com\/index.php?rest_route=%2Fwp%2Fv2%2Fcategories&post=7764"},{"taxonomy":"post_tag","embeddable":true,"href":"https:\/\/www.toque-musicall.com\/index.php?rest_route=%2Fwp%2Fv2%2Ftags&post=7764"}],"curies":[{"name":"wp","href":"https:\/\/api.w.org\/{rel}","templated":true}]}}