{"id":7773,"date":"2020-08-29T15:27:00","date_gmt":"2020-08-29T18:27:00","guid":{"rendered":"http:\/\/www.toque-musicall.com\/?p=7773"},"modified":"2021-01-10T10:12:32","modified_gmt":"2021-01-10T13:12:32","slug":"os-titulares-do-ritmo-concerto-de-musica-popular-1957","status":"publish","type":"post","link":"https:\/\/www.toque-musicall.com\/?p=7773","title":{"rendered":"Os Titulares Do Ritmo &#8211; Concerto De M\u00fasica Popular (1957)"},"content":{"rendered":"\n<figure class=\"wp-block-image size-large\"><img decoding=\"async\" src=\"https:\/\/1.bp.blogspot.com\/-gBOxCaQaaDs\/X00SwHng5cI\/AAAAAAAAR3M\/o6mfJBjtvKgNYNyhUEYN1ohhwJWdl0dXwCLcBGAsYHQ\/s640\/Anota%25C3%25A7%25C3%25A3o%2B2020-08-31%2B120554.jpg\" alt=\"\"\/><\/figure>\n\n\n\n<figure class=\"wp-block-image size-large\"><img decoding=\"async\" src=\"https:\/\/1.bp.blogspot.com\/-b31LHARv9G0\/X00SwEXrY9I\/AAAAAAAAR3Q\/cqmg5xNi9W4K6PenSa5NjrN2FZolBd9xgCLcBGAsYHQ\/s640\/Anota%25C3%25A7%25C3%25A3o%2B2020-08-31%2B120640.jpg\" alt=\"\"\/><\/figure>\n\n\n\n\n<p>Ol\u00e1, amigos cultos e ocultos! Mais uma vez, temos\u00a0 o orgulho e a satisfa\u00e7\u00e3o de apresentar a voc\u00eas um disco dos Titulares do Ritmo, sem d\u00favida um dos melhores grupos vocais que o Brasil j\u00e1 teve. \u201cConcerto de m\u00fasica popular\u201d foi lan\u00e7ado pela Copacabana em 1957, ainda em dez polegadas, e seria reeditado de forma ampliada, em 1961, com quatro faixas a mais. Curiosamente, essa reedi\u00e7\u00e3o ampliada j\u00e1 foi oferecida anteriormente pelo TM, mas o que importa \u00e9 ouvir os Titulares do Ritmo, apresentando, nas oito faixas deste original, um repert\u00f3rio muito bem escolhido e de primeir\u00edssima qualidade, com cl\u00e1ssicos do porte de \u201cSerra da Boa Esperan\u00e7a\u201d, \u201cTa\u00ed\u201d e \u201cNa virada da montanha\u201d, no lado A cantando \u00e0 capela (sem acompanhamento instrumental) e no lado B com orquestra\u00e7\u00e3o. Um trabalho de primeir\u00edssima qualidade, que vale a pena conferir no GTM.<\/p>\n<div>funeral de um rei nag\u00f4<\/div>\n<div>cantiga<\/div>\n<div>prenda minha<\/div>\n<div>tahi<\/div>\n<div>brasil moreno<\/div>\n<div>na virada da montanha<\/div>\n<div>serra da boa esperan\u00e7a<\/div>\n<div>agora \u00e9 cinza<\/div>\n<p><br \/><br \/>*Texto de Samuel Machado Filho<\/p>","protected":false},"excerpt":{"rendered":"<p>Ol\u00e1, amigos cultos e ocultos! Mais uma vez, temos\u00a0 o orgulho e a satisfa\u00e7\u00e3o de apresentar a voc\u00eas um disco dos Titulares do Ritmo, sem d\u00favida um dos melhores grupos vocais que o Brasil j\u00e1 teve. \u201cConcerto de m\u00fasica popular\u201d &hellip; <a href=\"https:\/\/www.toque-musicall.com\/?p=7773\">Continue lendo <span class=\"meta-nav\">&rarr;<\/span><\/a><\/p>\n","protected":false},"author":1,"featured_media":0,"comment_status":"closed","ping_status":"closed","sticky":false,"template":"","format":"standard","meta":{"footnotes":""},"categories":[3863,152],"tags":[4214,3108],"class_list":["post-7773","post","type-post","status-publish","format-standard","hentry","category-os-titulares-do-ritmo","category-selo-copacabana","tag-os-titulares-do-ritmo","tag-selo-copacabana"],"_links":{"self":[{"href":"https:\/\/www.toque-musicall.com\/index.php?rest_route=\/wp\/v2\/posts\/7773","targetHints":{"allow":["GET"]}}],"collection":[{"href":"https:\/\/www.toque-musicall.com\/index.php?rest_route=\/wp\/v2\/posts"}],"about":[{"href":"https:\/\/www.toque-musicall.com\/index.php?rest_route=\/wp\/v2\/types\/post"}],"author":[{"embeddable":true,"href":"https:\/\/www.toque-musicall.com\/index.php?rest_route=\/wp\/v2\/users\/1"}],"replies":[{"embeddable":true,"href":"https:\/\/www.toque-musicall.com\/index.php?rest_route=%2Fwp%2Fv2%2Fcomments&post=7773"}],"version-history":[{"count":1,"href":"https:\/\/www.toque-musicall.com\/index.php?rest_route=\/wp\/v2\/posts\/7773\/revisions"}],"predecessor-version":[{"id":7774,"href":"https:\/\/www.toque-musicall.com\/index.php?rest_route=\/wp\/v2\/posts\/7773\/revisions\/7774"}],"wp:attachment":[{"href":"https:\/\/www.toque-musicall.com\/index.php?rest_route=%2Fwp%2Fv2%2Fmedia&parent=7773"}],"wp:term":[{"taxonomy":"category","embeddable":true,"href":"https:\/\/www.toque-musicall.com\/index.php?rest_route=%2Fwp%2Fv2%2Fcategories&post=7773"},{"taxonomy":"post_tag","embeddable":true,"href":"https:\/\/www.toque-musicall.com\/index.php?rest_route=%2Fwp%2Fv2%2Ftags&post=7773"}],"curies":[{"name":"wp","href":"https:\/\/api.w.org\/{rel}","templated":true}]}}