{"id":7775,"date":"2020-08-30T01:57:00","date_gmt":"2020-08-30T04:57:00","guid":{"rendered":"http:\/\/www.toque-musicall.com\/?p=7775"},"modified":"2020-09-03T02:11:02","modified_gmt":"2020-09-03T05:11:02","slug":"alcides-neves-des-trambelhar-ou-nao-1983","status":"publish","type":"post","link":"https:\/\/www.toque-musicall.com\/?p=7775","title":{"rendered":"Alcides Neves &#8211; Des-trambelhar Ou N\u00e3o (1983)"},"content":{"rendered":"\n<figure class=\"wp-block-image size-large\"><img decoding=\"async\" src=\"https:\/\/1.bp.blogspot.com\/-9apvLHgKLS0\/X1BjFGobh-I\/AAAAAAAAR3g\/zCzbDzBLYZkwqWumNxlUw-RIuH9Chb1rQCLcBGAsYHQ\/s640\/Anota%25C3%25A7%25C3%25A3o%2B2020-09-03%2B002003.jpg\" alt=\"\"\/><\/figure>\n\n\n\n<figure class=\"wp-block-image size-large\"><img decoding=\"async\" src=\"https:\/\/1.bp.blogspot.com\/-LL1gzXSAULY\/X1BjFItN2iI\/AAAAAAAAR3k\/AfwdrOBy4KY8ucQfoJSyXzWAPXvpkgs3gCLcBGAsYHQ\/s640\/Anota%25C3%25A7%25C3%25A3o%2B2020-09-03%2B002043.jpg\" alt=\"\"\/><\/figure>\n\n\n<p>Boa noite, caros amigos cultos e ocultos! No ritmo do imprevis\u00edvel dessa nossa salada mista musical, temos aqui um disco, no m\u00ednimo curioso do artista cearense, radicado em S\u00e3o Paulo, Alcides Neves. &#8220;Des-trambelhar ou n\u00e3o&#8221; foi seu segundo disco, lan\u00e7ado de forma independente, em 1983. Antes deste ele havia gravado outro, o &#8220;Tempo de fratura&#8221;, de 79, um disco t\u00e3o anti-comercial quanto o que temos aqui. Ali\u00e1s, o trabalho musical de Alcides Neves parece refletir um pouco da sua realidade como psiquiatra. Sua m\u00fasica \u00e9 um trabalho muito pessoal, de dif\u00edcil digest\u00e3o para o consumidor comum de musica popular. Quebra com conceitos e desafia o senso comum. \u00c9 talvez o discurso do louco que ele conhece t\u00e3o bem. Me lembrou um Dami\u00e3o Experien\u00e7a num del\u00edrio controlado, ou tamb\u00e9m outro mais recente, Rog\u00e9rio Skylab. Tudo isso temperado com alguma ess\u00eancia nordestina.<br \/>Alcides n\u00e3o faz disco para vender e talvez por isso mesmo seja pouco conhecido. Seus lps, hoje fazem parte daquelas raridades que passaram a ser vendidas a pre\u00e7o de ouro no Mercado Livre e Discogs. Seu trabalho musical permeia o experimentalismo, um trabalho de vanguarda talvez, embora ele mesmo n\u00e3o goste de assumir esse termo para definir sua m\u00fasica. Segundo o artista esses dois discos e mais um terceiro que eu nunca vi, &#8220;Dr. Louk&#8217;Am\u00e9ricas&#8221;, formam uma trilogia.<br \/>Infelizmente, n\u00e3o h\u00e1 muito o que se encontrar sobre este artista, as referencias s\u00e3o poucas e se repetem. Mas para quem n\u00e3o conhece, vale a pena busc\u00e1-lo no GTM.<\/p>\n<div>recuerdos &#8216;tempo de fratura&#8217;<\/div>\n<div>tet\u00e9u<\/div>\n<div>abutre-abate-amorfo (de como compositores da mpb perderam seu cavalo-est\u00e9tico e continuaram a culpar a censura)<\/div>\n<div>alegres stravinsky<\/div>\n<div>de &#8216;tempo de fratura&#8217; a &#8216;destrambelhar ou n\u00e3o<\/div>\n<div>cidade-pa\u00eds-cidade<\/div>\n<div>estrutura jazz (morta)<\/div>\n<div>descampado<\/div>\n<div>re(ligare)<\/div>\n<div>maracatu martelado<\/div>\n<p><br \/><br \/>.<\/p>\n\n\n<p><\/p>\n","protected":false},"excerpt":{"rendered":"<p>Boa noite, caros amigos cultos e ocultos! No ritmo do imprevis\u00edvel dessa nossa salada mista musical, temos aqui um disco, no m\u00ednimo curioso do artista cearense, radicado em S\u00e3o Paulo, Alcides Neves. &#8220;Des-trambelhar ou n\u00e3o&#8221; foi seu segundo disco, lan\u00e7ado &hellip; <a href=\"https:\/\/www.toque-musicall.com\/?p=7775\">Continue lendo <span class=\"meta-nav\">&rarr;<\/span><\/a><\/p>\n","protected":false},"author":1,"featured_media":0,"comment_status":"closed","ping_status":"closed","sticky":false,"template":"","format":"standard","meta":{"footnotes":""},"categories":[3865,25],"tags":[3864,3017],"class_list":["post-7775","post","type-post","status-publish","format-standard","hentry","category-alcides-neves","category-selo-independente","tag-alcides-neves","tag-selo-independente"],"_links":{"self":[{"href":"https:\/\/www.toque-musicall.com\/index.php?rest_route=\/wp\/v2\/posts\/7775","targetHints":{"allow":["GET"]}}],"collection":[{"href":"https:\/\/www.toque-musicall.com\/index.php?rest_route=\/wp\/v2\/posts"}],"about":[{"href":"https:\/\/www.toque-musicall.com\/index.php?rest_route=\/wp\/v2\/types\/post"}],"author":[{"embeddable":true,"href":"https:\/\/www.toque-musicall.com\/index.php?rest_route=\/wp\/v2\/users\/1"}],"replies":[{"embeddable":true,"href":"https:\/\/www.toque-musicall.com\/index.php?rest_route=%2Fwp%2Fv2%2Fcomments&post=7775"}],"version-history":[{"count":3,"href":"https:\/\/www.toque-musicall.com\/index.php?rest_route=\/wp\/v2\/posts\/7775\/revisions"}],"predecessor-version":[{"id":7778,"href":"https:\/\/www.toque-musicall.com\/index.php?rest_route=\/wp\/v2\/posts\/7775\/revisions\/7778"}],"wp:attachment":[{"href":"https:\/\/www.toque-musicall.com\/index.php?rest_route=%2Fwp%2Fv2%2Fmedia&parent=7775"}],"wp:term":[{"taxonomy":"category","embeddable":true,"href":"https:\/\/www.toque-musicall.com\/index.php?rest_route=%2Fwp%2Fv2%2Fcategories&post=7775"},{"taxonomy":"post_tag","embeddable":true,"href":"https:\/\/www.toque-musicall.com\/index.php?rest_route=%2Fwp%2Fv2%2Ftags&post=7775"}],"curies":[{"name":"wp","href":"https:\/\/api.w.org\/{rel}","templated":true}]}}