{"id":7779,"date":"2020-09-01T10:49:00","date_gmt":"2020-09-01T13:49:00","guid":{"rendered":"http:\/\/www.toque-musicall.com\/?p=7779"},"modified":"2020-09-04T10:54:49","modified_gmt":"2020-09-04T13:54:49","slug":"alipio-martins-1967","status":"publish","type":"post","link":"https:\/\/www.toque-musicall.com\/?p=7779","title":{"rendered":"Al\u00edpio Martins (1967)"},"content":{"rendered":"\n<figure class=\"wp-block-image size-large\"><img decoding=\"async\" src=\"https:\/\/1.bp.blogspot.com\/-lExz978hYd0\/X1I3rvlfx6I\/AAAAAAAAR34\/U6cXT84T2poJltGU0Bj3nF5kqyAfhMyMwCLcBGAsYHQ\/w640-h634\/Anota%25C3%25A7%25C3%25A3o%2B2020-09-04%2B085453.jpg\" alt=\"\"\/><\/figure>\n\n\n\n<figure class=\"wp-block-image size-large\"><img decoding=\"async\" src=\"https:\/\/1.bp.blogspot.com\/-d1vccj5k2Bg\/X1I4YBDcQbI\/AAAAAAAAR4E\/zBq8nEtFO108rjgSqox9BZSe1LrkTf6JgCLcBGAsYHQ\/w640-h638\/Anota%25C3%25A7%25C3%25A3o%2B2020-09-04%2B085604.jpg\" alt=\"\"\/><\/figure>\n\n\n<div>Bom dia a todos, amigos cultos e ocultos! Enfim, chegamos em setembro e nesse ano estamos conseguindo manter as postagens di\u00e1rias, embora com pequenos atrasos. Por isso, vamos que vamos&#8230;<\/div>\n<div>Hoje eu trago para voc\u00eas o cantor, compositor e produtor paraense, Al\u00edpio Martins. Ele foi um dos nomes mais expressivos da m\u00fasica brega, da lambada e do carimb\u00f3. Iniciou a carreira como cantor, passando depois a ser produtor. Fez muito sucesso nas r\u00e1dios populares e pelos grot\u00f5es desse Brasil, principalmente nos anos 80. Infelizmente veio a falecer ainda novo, com apenas 52 anos de idade.<\/div>\n<div>Aqui temos o que foi o seu primeiro disco, gravado em Belo Horizonte, na gravadora Bemol. Ao que tudo indica, este lp foi gravado na segunda metade dos anos 60, possivelmente 67. Neste disco ele segue a linha do momento, no caso, a influ\u00eancia da Jovem Guarda. Traz uma vers\u00e3o do cl\u00e1ssico de Dorival Caymmi, &#8220;Peguei um Ita no Norte&#8221;, numa vers\u00e3o &#8216;moderninha&#8217;. Outro detalhe que chama a aten\u00e7\u00e3o s\u00e3o os arranjos, feitos por A\u00e9cio Fl\u00e1vio e Jos\u00e9 Guimar\u00e3es. Sinceramente, do pouco que conhe\u00e7o e j\u00e1 ouvi do Al\u00edpio Martins este \u00e9, sem d\u00favida, seu melhor trabalho. Hoje em dia ent\u00e3o, virou raridade&#8230;<\/div>\n<div>Confira no nosso GTM.<\/div>\n<div>\u00a0<\/div>\n<div>peguei um ita no norte<\/div>\n<div>romance de uma gaguinha<\/div>\n<div>ave maria<\/div>\n<div>vou dar o fora desta cidade<\/div>\n<div>juramento de amor<\/div>\n<div>n\u00e3o quero ver voc\u00ea chorar<\/div>\n<div>o padre<\/div>\n<div>triste por voc\u00ea<\/div>\n<div>pirada<\/div>\n<div>amor verdadeiro<\/div>\n<div>minha estrelinha<\/div>\n<div>eu bato em todos<\/div>\n<div>\u00a0<\/div>\n<div>\u00a0<\/div>\n<div>.<\/div>\n\n\n<p><\/p>\n","protected":false},"excerpt":{"rendered":"<p>Bom dia a todos, amigos cultos e ocultos! Enfim, chegamos em setembro e nesse ano estamos conseguindo manter as postagens di\u00e1rias, embora com pequenos atrasos. Por isso, vamos que vamos&#8230; Hoje eu trago para voc\u00eas o cantor, compositor e produtor &hellip; <a href=\"https:\/\/www.toque-musicall.com\/?p=7779\">Continue lendo <span class=\"meta-nav\">&rarr;<\/span><\/a><\/p>\n","protected":false},"author":1,"featured_media":0,"comment_status":"closed","ping_status":"closed","sticky":false,"template":"","format":"standard","meta":{"footnotes":""},"categories":[3866,257],"tags":[3867,3397],"class_list":["post-7779","post","type-post","status-publish","format-standard","hentry","category-alipio-martins-2","category-selo-bemol","tag-alipio-martins","tag-selo-bemol"],"_links":{"self":[{"href":"https:\/\/www.toque-musicall.com\/index.php?rest_route=\/wp\/v2\/posts\/7779","targetHints":{"allow":["GET"]}}],"collection":[{"href":"https:\/\/www.toque-musicall.com\/index.php?rest_route=\/wp\/v2\/posts"}],"about":[{"href":"https:\/\/www.toque-musicall.com\/index.php?rest_route=\/wp\/v2\/types\/post"}],"author":[{"embeddable":true,"href":"https:\/\/www.toque-musicall.com\/index.php?rest_route=\/wp\/v2\/users\/1"}],"replies":[{"embeddable":true,"href":"https:\/\/www.toque-musicall.com\/index.php?rest_route=%2Fwp%2Fv2%2Fcomments&post=7779"}],"version-history":[{"count":1,"href":"https:\/\/www.toque-musicall.com\/index.php?rest_route=\/wp\/v2\/posts\/7779\/revisions"}],"predecessor-version":[{"id":7780,"href":"https:\/\/www.toque-musicall.com\/index.php?rest_route=\/wp\/v2\/posts\/7779\/revisions\/7780"}],"wp:attachment":[{"href":"https:\/\/www.toque-musicall.com\/index.php?rest_route=%2Fwp%2Fv2%2Fmedia&parent=7779"}],"wp:term":[{"taxonomy":"category","embeddable":true,"href":"https:\/\/www.toque-musicall.com\/index.php?rest_route=%2Fwp%2Fv2%2Fcategories&post=7779"},{"taxonomy":"post_tag","embeddable":true,"href":"https:\/\/www.toque-musicall.com\/index.php?rest_route=%2Fwp%2Fv2%2Ftags&post=7779"}],"curies":[{"name":"wp","href":"https:\/\/api.w.org\/{rel}","templated":true}]}}