{"id":7783,"date":"2020-09-03T01:09:00","date_gmt":"2020-09-03T04:09:00","guid":{"rendered":"http:\/\/www.toque-musicall.com\/?p=7783"},"modified":"2020-09-06T01:13:06","modified_gmt":"2020-09-06T04:13:06","slug":"antenogenes-silva-recordar-e-viver-1959","status":"publish","type":"post","link":"https:\/\/www.toque-musicall.com\/?p=7783","title":{"rendered":"Anten\u00f3genes Silva &#8211; Recordar \u00c9 Viver (1959)"},"content":{"rendered":"\n<figure class=\"wp-block-image size-large\"><img decoding=\"async\" src=\"https:\/\/1.bp.blogspot.com\/-8LKZpj6MNRo\/X1RaW59P7QI\/AAAAAAAAR5A\/gSJWRcTbmHIoQRQJlmRbBLKm_LRAH0QVwCLcBGAsYHQ\/w640-h636\/Anota%25C3%25A7%25C3%25A3o%2B2020-08-08%2B150934.jpg\" alt=\"\"\/><\/figure>\n\n\n\n<figure class=\"wp-block-image size-large\"><img decoding=\"async\" src=\"https:\/\/1.bp.blogspot.com\/-5d1_WPoqCgc\/X1RaW3Vl6mI\/AAAAAAAAR48\/gDCR2DonOs0bEkrxF93xfWOEKExwcTdTACLcBGAsYHQ\/w640-h638\/Anota%25C3%25A7%25C3%25A3o%2B2020-08-08%2B151004.jpg\" alt=\"\"\/><\/figure>\n\n\n<p>Ol\u00e1, amigos e ocultos! O Toque Musical oferece hoje mais um disco de Anten\u00f3genes Silva, o inesquec\u00edvel mago do acorde\u00e3o, considerado, no auge de sua \u00e9poca, o maior acordeonista de oito baixos do mundo. \u00c9 \u201cRecordar \u00e9 viver\u201d, lan\u00e7ado pela Odeon em 1959. Neste \u00e1lbum, como era de costume, um repert\u00f3rio totalmente autoral, e quase todas as m\u00fasicas eram, at\u00e9 ent\u00e3o, in\u00e9ditas em disco, inclusive a faixa-t\u00edtulo. A \u00fanica regrava\u00e7\u00e3o \u00e9 a da polca \u201cPescando lambari\u201d, de 1939, erroneamente rotulada no selo como toada. Ali\u00e1s, vale ressaltar que este disco j\u00e1 havia aparecido no blog \u201cForr\u00f3 em vinil\u201d, em sua reedi\u00e7\u00e3o de 1970, com o selo Imperial. Ainda assim, aparece aqui no TM com sua capa e contracapa (escrita por um entusiasmado Fernando Lobo) originais, e vale a pena ouvir e recordar todo o virtuosismo deste grande acordeonista que foi Anten\u00f3genes Silva. Afinal de contas, como diz o pr\u00f3prio t\u00edtulo deste trabalho, recordar \u00e9 viver. N\u00e3o deixem de conferir no GTM.<\/p>\n<p>vai virando de banda<\/p>\n<p>boogie woogie na ro\u00e7a<\/p>\n<p>qualquer um toca<\/p>\n<p>saudades do meu pai<\/p>\n<p>sanfoneiro apaixonado<\/p>\n<p>recordando os teus beijos<\/p>\n<p>baile da saudade<\/p>\n<p>quando chora o bombardino<\/p>\n<p>flor do campo<\/p>\n<p>pescando lambari<\/p>\n<p>pra voc\u00ea todo o meu amor<\/p>\n<p>abel em paris<\/p>\n<p>\u00a0<\/p>\n<p>*Texto de Samuel Machado Filho<\/p>\n\n\n<p><\/p>\n","protected":false},"excerpt":{"rendered":"<p>Ol\u00e1, amigos e ocultos! O Toque Musical oferece hoje mais um disco de Anten\u00f3genes Silva, o inesquec\u00edvel mago do acorde\u00e3o, considerado, no auge de sua \u00e9poca, o maior acordeonista de oito baixos do mundo. \u00c9 \u201cRecordar \u00e9 viver\u201d, lan\u00e7ado pela &hellip; <a href=\"https:\/\/www.toque-musicall.com\/?p=7783\">Continue lendo <span class=\"meta-nav\">&rarr;<\/span><\/a><\/p>\n","protected":false},"author":1,"featured_media":0,"comment_status":"closed","ping_status":"closed","sticky":false,"template":"","format":"standard","meta":{"footnotes":""},"categories":[73,86],"tags":[3875,3153],"class_list":["post-7783","post","type-post","status-publish","format-standard","hentry","category-antenogenes-silva","category-selo-odeon","tag-antenogenes-silva","tag-selo-odeon"],"_links":{"self":[{"href":"https:\/\/www.toque-musicall.com\/index.php?rest_route=\/wp\/v2\/posts\/7783","targetHints":{"allow":["GET"]}}],"collection":[{"href":"https:\/\/www.toque-musicall.com\/index.php?rest_route=\/wp\/v2\/posts"}],"about":[{"href":"https:\/\/www.toque-musicall.com\/index.php?rest_route=\/wp\/v2\/types\/post"}],"author":[{"embeddable":true,"href":"https:\/\/www.toque-musicall.com\/index.php?rest_route=\/wp\/v2\/users\/1"}],"replies":[{"embeddable":true,"href":"https:\/\/www.toque-musicall.com\/index.php?rest_route=%2Fwp%2Fv2%2Fcomments&post=7783"}],"version-history":[{"count":1,"href":"https:\/\/www.toque-musicall.com\/index.php?rest_route=\/wp\/v2\/posts\/7783\/revisions"}],"predecessor-version":[{"id":7784,"href":"https:\/\/www.toque-musicall.com\/index.php?rest_route=\/wp\/v2\/posts\/7783\/revisions\/7784"}],"wp:attachment":[{"href":"https:\/\/www.toque-musicall.com\/index.php?rest_route=%2Fwp%2Fv2%2Fmedia&parent=7783"}],"wp:term":[{"taxonomy":"category","embeddable":true,"href":"https:\/\/www.toque-musicall.com\/index.php?rest_route=%2Fwp%2Fv2%2Fcategories&post=7783"},{"taxonomy":"post_tag","embeddable":true,"href":"https:\/\/www.toque-musicall.com\/index.php?rest_route=%2Fwp%2Fv2%2Ftags&post=7783"}],"curies":[{"name":"wp","href":"https:\/\/api.w.org\/{rel}","templated":true}]}}