{"id":78,"date":"2012-05-01T20:51:00","date_gmt":"2012-05-01T20:51:00","guid":{"rendered":"http:\/\/www.toque-musicall.com\/?p=78"},"modified":"2012-05-01T20:51:00","modified_gmt":"2012-05-01T20:51:00","slug":"antonio-carlos-jobim-jobim-matita-pere-1973","status":"publish","type":"post","link":"https:\/\/www.toque-musicall.com\/?p=78","title":{"rendered":"Antonio Carlos Jobim &#8211; Jobim (Matita Per\u00ea) (1973)"},"content":{"rendered":"<div style=\"clear: both; text-align: center;\"><a href=\"http:\/\/3.bp.blogspot.com\/-nBxnRharJIM\/T6A3Mj8KXlI\/AAAAAAAAB0E\/MSc62GKE2pk\/s1600\/capa+P.JPG\" style=\"margin-left: 1em; margin-right: 1em;\"><img loading=\"lazy\" decoding=\"async\" border=\"0\" height=\"397\" src=\"http:\/\/3.bp.blogspot.com\/-nBxnRharJIM\/T6A3Mj8KXlI\/AAAAAAAAB0E\/MSc62GKE2pk\/s400\/capa+P.JPG\" width=\"400\" \/><\/a><\/div>\n<div style=\"clear: both; text-align: center;\"><a href=\"http:\/\/4.bp.blogspot.com\/-QeSOWl0tww8\/T6A3FJlmxqI\/AAAAAAAABz8\/UPR4dVP6Le0\/s1600\/contracapa+P.JPG\" style=\"margin-left: 1em; margin-right: 1em;\"><img loading=\"lazy\" decoding=\"async\" border=\"0\" height=\"393\" src=\"http:\/\/4.bp.blogspot.com\/-QeSOWl0tww8\/T6A3FJlmxqI\/AAAAAAAABz8\/UPR4dVP6Le0\/s400\/contracapa+P.JPG\" width=\"400\" \/><\/a><\/div>\n<p>Boa tarde trabalhadores cultos, ocultos e sindicalizados do meu Brasil! Hoje est\u00e3o todos por conta do atoa. Muitas visitas no Toque Musical, coment\u00e1rios e solicita\u00e7\u00f5es. \u00c9 isso a\u00ed&#8230; estou gostando de ver. Aos poucos vamos retomando o &#8216;Ibope&#8217; \ud83d\ude09<br \/>Para um dia especial, um disco especial. Estou trazendo aqui um Tom Jobim, que com essa capa eu ainda n\u00e3o vi em &#8216;outras pra\u00e7as&#8217;. Trata-se de um \u00e1lbum importado, a vers\u00e3o europeia (italiano) de &#8220;Matita Per\u00ea&#8221;, disco lan\u00e7ado simult\u00e2neamente nos Estados Unidos e Europa, em 1973. Nesta vers\u00e3o, como capa diferente, ilustrada com uma aquarela do filho, Paulo Jobim. Na vers\u00e3o italiana o disco chama-se apenas &#8220;Jobim&#8221;. As m\u00fasicas s\u00e3o as mesmas do disco gravado em New York City, sendo que neste \u00e1lbum temos tamb\u00e9m &#8220;\u00c1guas de mar\u00e7o&#8221; cantada em ingl\u00eas. No disco lan\u00e7ado no Brasil n\u00e3o temos essa vers\u00e3o. &#8220;Jobim\/Matita Per\u00ea&#8221;, como disse, foi gravado nos Estados Unidos, nos est\u00fadios da gravadora Columbia em Dezembro de 1972. O \u00e1lbum foi produzido e arranjado por um dos mais importantes arranjadores, o alem\u00e3o polon\u00eas naturalizado americano, Claus Ogerman. Como se n\u00e3o bastasse, Tom contou ainda com um time de feras, come\u00e7ando com os m\u00fasicos brasileiros Jo\u00e3o Paulma, na bateria e Airto Moreira na percuss\u00e3o. De estrangeiros, foram escalados Richard Davis e Ron Carter nos contrabaixos; George Devens tamb\u00e9m percuss\u00e3o; Urbie Green no trombone; Jerry Dodgion, Romeo Penque, Phil Bodner, Don Harmmond e Ray Beckenstein nas flautas. Como maestro, Harry Lookofsky. O repert\u00f3rio traz p\u00e9rolas que se tornaram ainda mais lustrosas. &#8220;\u00c1guas de mar\u00e7o&#8221;, por exemplo, uma de suas mais representativas composi\u00e7\u00f5es, foi lan\u00e7ada neste lp. Esta m\u00fasica saiu inicialmente em um compacto da malfada cole\u00e7\u00e3o &#8220;Disco de Bolso&#8221;, editada por S\u00e9rgio Ricardo, que ficou apenas em dois volumes. Esses compactos, inclusive, foram postados aqui no Toque Musical, mas misteriosamente as postagens foram tamb\u00e9m exclu\u00eddas do blog, supostamente pela Equipe do Blogger (eles adoram dar uma de censores). Temos tamb\u00e9m no repert\u00f3rio, em novas vers\u00f5es, m\u00fasicas das trilhas dos filmes &#8220;Tempo do Mar&#8221;, de Pedro Moraes e &#8220;Cr\u00f4nica Da Casa Assassinada, de Paulo Sarraceni, essas, inclusive, tiveram como assistente de grava\u00e7\u00e3o nos filmes, Dori Caymmi. Como podemos ver, temos aqui uma j\u00f3ia rara, que agora o TM traz para tamb\u00e9m ouvir \ud83d\ude09<br \/>PS.: S\u00f3 de teimosia, vou repostar os dois compactos da s\u00e9rie (que foi sem nunca ter sido) &#8220;Disco de Bolso&#8221;, mantendo inclusive o texto original. Hoje os meus amigos &#8216;trabalhadores&#8217; v\u00e3o passar bem \ud83d\ude09<\/p>\n<div style=\"text-align: center;\">\u00e1guas de marco<\/div>\n<div style=\"text-align: center;\">ana luiza<\/div>\n<div style=\"text-align: center;\">matita per\u00ea<\/div>\n<div style=\"text-align: center;\">tempo do mar<\/div>\n<div style=\"text-align: center;\">mantiqueira range<\/div>\n<div style=\"text-align: center;\">cr\u00f4nica da casa assassinada<\/div>\n<div style=\"text-align: center;\">um rancho nas nuvens<\/div>\n<div style=\"text-align: center;\">nuvens douradas<\/div>\n<div style=\"text-align: center;\">waters of march<\/div>\n<div style=\"text-align: center;\"><\/div>\n<p><\/p>\n","protected":false},"excerpt":{"rendered":"<p>Boa tarde trabalhadores cultos, ocultos e sindicalizados do meu Brasil! Hoje est\u00e3o todos por conta do atoa. Muitas visitas no Toque Musical, coment\u00e1rios e solicita\u00e7\u00f5es. \u00c9 isso a\u00ed&#8230; estou gostando de ver. Aos poucos vamos retomando o &#8216;Ibope&#8217; \ud83d\ude09Para um &hellip; <a href=\"https:\/\/www.toque-musicall.com\/?p=78\">Continue lendo <span class=\"meta-nav\">&rarr;<\/span><\/a><\/p>\n","protected":false},"author":1,"featured_media":0,"comment_status":"open","ping_status":"closed","sticky":false,"template":"","format":"standard","meta":{"footnotes":""},"categories":[135,137],"tags":[],"class_list":["post-78","post","type-post","status-publish","format-standard","hentry","category-antonio-carlos-jobim","category-selo-mca-coral"],"_links":{"self":[{"href":"https:\/\/www.toque-musicall.com\/index.php?rest_route=\/wp\/v2\/posts\/78","targetHints":{"allow":["GET"]}}],"collection":[{"href":"https:\/\/www.toque-musicall.com\/index.php?rest_route=\/wp\/v2\/posts"}],"about":[{"href":"https:\/\/www.toque-musicall.com\/index.php?rest_route=\/wp\/v2\/types\/post"}],"author":[{"embeddable":true,"href":"https:\/\/www.toque-musicall.com\/index.php?rest_route=\/wp\/v2\/users\/1"}],"replies":[{"embeddable":true,"href":"https:\/\/www.toque-musicall.com\/index.php?rest_route=%2Fwp%2Fv2%2Fcomments&post=78"}],"version-history":[{"count":0,"href":"https:\/\/www.toque-musicall.com\/index.php?rest_route=\/wp\/v2\/posts\/78\/revisions"}],"wp:attachment":[{"href":"https:\/\/www.toque-musicall.com\/index.php?rest_route=%2Fwp%2Fv2%2Fmedia&parent=78"}],"wp:term":[{"taxonomy":"category","embeddable":true,"href":"https:\/\/www.toque-musicall.com\/index.php?rest_route=%2Fwp%2Fv2%2Fcategories&post=78"},{"taxonomy":"post_tag","embeddable":true,"href":"https:\/\/www.toque-musicall.com\/index.php?rest_route=%2Fwp%2Fv2%2Ftags&post=78"}],"curies":[{"name":"wp","href":"https:\/\/api.w.org\/{rel}","templated":true}]}}