{"id":7803,"date":"2020-09-10T23:13:04","date_gmt":"2020-09-11T02:13:04","guid":{"rendered":"http:\/\/www.toque-musicall.com\/?p=7803"},"modified":"2020-09-10T23:15:50","modified_gmt":"2020-09-11T02:15:50","slug":"fernando-lona-cidadao-do-mundo-1977","status":"publish","type":"post","link":"https:\/\/www.toque-musicall.com\/?p=7803","title":{"rendered":"Fernando Lona &#8211; Cidad\u00e3o Do Mundo (1977)"},"content":{"rendered":"\n<figure class=\"wp-block-image size-large\"><img decoding=\"async\" src=\"https:\/\/1.bp.blogspot.com\/-obJLs2Fpzf8\/X1rVN-ExyJI\/AAAAAAAAR8o\/MDcnLKTfN94ZEFwLxyn0ZgoUQ6U9OOcjQCLcBGAsYHQ\/w640-h634\/Anota%25C3%25A7%25C3%25A3o%2B2020-09-10%2B223325.JPG\" alt=\"\"\/><\/figure>\n\n\n\n<figure class=\"wp-block-image size-large\"><img decoding=\"async\" src=\"https:\/\/1.bp.blogspot.com\/-uioVvkHBEh4\/X1rVOtUA2dI\/AAAAAAAAR8s\/pb4dZpu-QNkctPhUemsZdXd5oyZZk6JOACLcBGAsYHQ\/w640-h634\/Anota%25C3%25A7%25C3%25A3o%2B2020-09-10%2B223356.JPG\" alt=\"\"\/><\/figure>\n\n\n<p>Boa noite, meus camaradas, amigos cultos e ocultos! Marcando o ponto do dia, hoje eu trago para voc\u00eas o cantor e compositor baiano Fernando Lona. J\u00e1 tivemos a oportunidade de postar aqui no Toque Musical alguns discos trilhas sonoras compostas por ele. Agora trazemos para voc\u00eas o &#8220;Cidad\u00e3o do mundo&#8221;, seu \u00fanico disco, lan\u00e7ado em 1977 pelo selo Tapecar. Infelizmente, no mesmo ano de lan\u00e7amento deste lp, Fernando Lona viria a falecer em um acidente de automobil\u00edstico, dando assim fim a sua carreira. Por\u00e9m, apesar de tudo, Lona ser\u00e1 sempre lembrado como um grande compositor, entre tantos, parceiro de Geraldo Vandr\u00e9, com quem comp\u00f4s o cl\u00e1ssico &#8220;Porta estandarte&#8221;. Esta \u00e9 uma das doze faixas que fazem parte deste disco. Um trabalho bem bacana e que com certeza poucos conhecem. N\u00e3o deixem de conferir no GTM&#8230;<\/p>\n<p>desencanto<\/p>\n<p>fado das gaiolas<\/p>\n<p>tr\u00eas tr\u00eas<\/p>\n<p>caiado<\/p>\n<p>porta estandarte<\/p>\n<p>queimada<\/p>\n<p>cidad\u00e3o do mundo<\/p>\n<p>beira-m\u00e1goa<\/p>\n<p>auto retrato<\/p>\n<p>\u00e1guas do sert\u00e3o<\/p>\n<p>abc<\/p>\n<p>estandarte de couro braz\u00f5es<\/p>\n<p>.<\/p>\n<p>\u00a0<\/p>\n\n\n<p><\/p>\n","protected":false},"excerpt":{"rendered":"<p>Boa noite, meus camaradas, amigos cultos e ocultos! Marcando o ponto do dia, hoje eu trago para voc\u00eas o cantor e compositor baiano Fernando Lona. J\u00e1 tivemos a oportunidade de postar aqui no Toque Musical alguns discos trilhas sonoras compostas &hellip; <a href=\"https:\/\/www.toque-musicall.com\/?p=7803\">Continue lendo <span class=\"meta-nav\">&rarr;<\/span><\/a><\/p>\n","protected":false},"author":1,"featured_media":0,"comment_status":"closed","ping_status":"closed","sticky":false,"template":"","format":"standard","meta":{"footnotes":""},"categories":[421,195],"tags":[3891,3890],"class_list":["post-7803","post","type-post","status-publish","format-standard","hentry","category-fernando-lona","category-selo-tapecar","tag-fernando-lona","tag-selo-tapecar"],"_links":{"self":[{"href":"https:\/\/www.toque-musicall.com\/index.php?rest_route=\/wp\/v2\/posts\/7803","targetHints":{"allow":["GET"]}}],"collection":[{"href":"https:\/\/www.toque-musicall.com\/index.php?rest_route=\/wp\/v2\/posts"}],"about":[{"href":"https:\/\/www.toque-musicall.com\/index.php?rest_route=\/wp\/v2\/types\/post"}],"author":[{"embeddable":true,"href":"https:\/\/www.toque-musicall.com\/index.php?rest_route=\/wp\/v2\/users\/1"}],"replies":[{"embeddable":true,"href":"https:\/\/www.toque-musicall.com\/index.php?rest_route=%2Fwp%2Fv2%2Fcomments&post=7803"}],"version-history":[{"count":1,"href":"https:\/\/www.toque-musicall.com\/index.php?rest_route=\/wp\/v2\/posts\/7803\/revisions"}],"predecessor-version":[{"id":7804,"href":"https:\/\/www.toque-musicall.com\/index.php?rest_route=\/wp\/v2\/posts\/7803\/revisions\/7804"}],"wp:attachment":[{"href":"https:\/\/www.toque-musicall.com\/index.php?rest_route=%2Fwp%2Fv2%2Fmedia&parent=7803"}],"wp:term":[{"taxonomy":"category","embeddable":true,"href":"https:\/\/www.toque-musicall.com\/index.php?rest_route=%2Fwp%2Fv2%2Fcategories&post=7803"},{"taxonomy":"post_tag","embeddable":true,"href":"https:\/\/www.toque-musicall.com\/index.php?rest_route=%2Fwp%2Fv2%2Ftags&post=7803"}],"curies":[{"name":"wp","href":"https:\/\/api.w.org\/{rel}","templated":true}]}}