{"id":7806,"date":"2020-09-11T07:26:00","date_gmt":"2020-09-11T10:26:00","guid":{"rendered":"http:\/\/www.toque-musicall.com\/?p=7806"},"modified":"2020-09-15T07:33:25","modified_gmt":"2020-09-15T10:33:25","slug":"claudio-cristina-latini-band-cor-de-dende-1990","status":"publish","type":"post","link":"https:\/\/www.toque-musicall.com\/?p=7806","title":{"rendered":"Claudio &#038; Cristina Latini Band &#8211; Cor De Dend\u00ea (1990)"},"content":{"rendered":"\n<figure class=\"wp-block-image size-large\"><img decoding=\"async\" src=\"https:\/\/1.bp.blogspot.com\/-HAesI0CYAcs\/X1_rlrtFjNI\/AAAAAAAAR9I\/lPCJzH7--Ak7E9rEaeWr4_7w-BDPDXBcQCLcBGAsYHQ\/w640-h632\/Anota%25C3%25A7%25C3%25A3o%2B2020-09-09%2B170956.jpg\" alt=\"\"\/><\/figure>\n\n\n\n<figure class=\"wp-block-image size-large\"><img decoding=\"async\" src=\"https:\/\/1.bp.blogspot.com\/-E7yTzDWMvhc\/X1_rmJt3ZgI\/AAAAAAAAR9M\/sLbl0MVYQ5EEyQ38-yuDBgjtrvPxu-BPACLcBGAsYHQ\/w640-h618\/Anota%25C3%25A7%25C3%25A3o%2B2020-09-09%2B171026.jpg\" alt=\"\"\/><\/figure>\n\n\n\n\n\n<p>Boa noite, meus amigos cultos e ocultos! Vez por outra aparece por aqui uns discos que s\u00e3o para mim ilustres desconhecidos. E eu gosto disso, pois fico curioso para ouvir e se \u00e9 bom, fico curioso para saber mais sobre o trabalho e o artista. Eis que temos aqui um lp importado, feito l\u00e1 na Dinamarca, em 1990, &#8220;Cor de Dend\u00ea&#8221;, da dupla Cl\u00e1udio e Cristina Latini. Este casal de m\u00fasicos brasileiros mudou-se para a Noruega no in\u00edcio da d\u00e9cada de 80 e por l\u00e1 fizeram carreira, se tornando bem populares nos pa\u00edses n\u00f3rdicos e para onde levaram a cultura da m\u00fasica popular brasileira. Ao que consta, eles gravaram j\u00e1 v\u00e1rios discos, sendo este, &#8220;Cor de Dend\u00ea&#8221; o segundo lp, al\u00e9m de dois compactos tamb\u00e9m lan\u00e7ados logo no in\u00edcio da carreira. Neste lp Cl\u00e1udio e Cristina vem acompanhado por uma&nbsp; banda formada por m\u00fasicos suecos. O repert\u00f3rio \u00e9 todo autoral e praticamente quase todo cantado em portugu\u00eas. Vale a pena conhecer. Confiram no GTM&#8230;<\/p>\n\n\n\n<p>\u00e9 isso a\u00ed, irm\u00e3o<\/p>\n\n\n\n<p>forr\u00f3 aperreado<\/p>\n\n\n\n<p>hvorfor er det s\u00e1 langt til rio de janeiro<\/p>\n\n\n\n<p>reino de xang\u00f4<\/p>\n\n\n\n<p>apocalipse nordestina<\/p>\n\n\n\n<p>cor de dend\u00ea<\/p>\n\n\n\n<p>novos sonhos<\/p>\n\n\n\n<p>not\u00edcias<\/p>\n\n\n\n<p>noruega<\/p>\n\n\n\n<p>samba nova<\/p>\n\n\n\n<p>.<\/p>\n","protected":false},"excerpt":{"rendered":"<p>Boa noite, meus amigos cultos e ocultos! Vez por outra aparece por aqui uns discos que s\u00e3o para mim ilustres desconhecidos. E eu gosto disso, pois fico curioso para ouvir e se \u00e9 bom, fico curioso para saber mais sobre &hellip; <a href=\"https:\/\/www.toque-musicall.com\/?p=7806\">Continue lendo <span class=\"meta-nav\">&rarr;<\/span><\/a><\/p>\n","protected":false},"author":1,"featured_media":0,"comment_status":"closed","ping_status":"closed","sticky":false,"template":"","format":"standard","meta":{"footnotes":""},"categories":[3894,3895],"tags":[3892,3893],"class_list":["post-7806","post","type-post","status-publish","format-standard","hentry","category-claudio-cristina-latini-band","category-selo-bums-record","tag-claudio-cristina-latini-band","tag-selo-bums-record"],"_links":{"self":[{"href":"https:\/\/www.toque-musicall.com\/index.php?rest_route=\/wp\/v2\/posts\/7806","targetHints":{"allow":["GET"]}}],"collection":[{"href":"https:\/\/www.toque-musicall.com\/index.php?rest_route=\/wp\/v2\/posts"}],"about":[{"href":"https:\/\/www.toque-musicall.com\/index.php?rest_route=\/wp\/v2\/types\/post"}],"author":[{"embeddable":true,"href":"https:\/\/www.toque-musicall.com\/index.php?rest_route=\/wp\/v2\/users\/1"}],"replies":[{"embeddable":true,"href":"https:\/\/www.toque-musicall.com\/index.php?rest_route=%2Fwp%2Fv2%2Fcomments&post=7806"}],"version-history":[{"count":1,"href":"https:\/\/www.toque-musicall.com\/index.php?rest_route=\/wp\/v2\/posts\/7806\/revisions"}],"predecessor-version":[{"id":7807,"href":"https:\/\/www.toque-musicall.com\/index.php?rest_route=\/wp\/v2\/posts\/7806\/revisions\/7807"}],"wp:attachment":[{"href":"https:\/\/www.toque-musicall.com\/index.php?rest_route=%2Fwp%2Fv2%2Fmedia&parent=7806"}],"wp:term":[{"taxonomy":"category","embeddable":true,"href":"https:\/\/www.toque-musicall.com\/index.php?rest_route=%2Fwp%2Fv2%2Fcategories&post=7806"},{"taxonomy":"post_tag","embeddable":true,"href":"https:\/\/www.toque-musicall.com\/index.php?rest_route=%2Fwp%2Fv2%2Ftags&post=7806"}],"curies":[{"name":"wp","href":"https:\/\/api.w.org\/{rel}","templated":true}]}}