{"id":7808,"date":"2020-09-12T09:05:00","date_gmt":"2020-09-12T12:05:00","guid":{"rendered":"http:\/\/www.toque-musicall.com\/?p=7808"},"modified":"2020-09-15T10:49:16","modified_gmt":"2020-09-15T13:49:16","slug":"pessoal-do-ceara-meu-corpo-minha-embalagem-todo-gasto-na-viagem-1972","status":"publish","type":"post","link":"https:\/\/www.toque-musicall.com\/?p=7808","title":{"rendered":"Pessoal Do Cear\u00e1 &#8211; Meu Corpo Minha Embalagem Todo Gasto Na Viagem (1972)"},"content":{"rendered":"\n<figure class=\"wp-block-image size-large\"><img decoding=\"async\" src=\"https:\/\/1.bp.blogspot.com\/-jT0CHp0krjQ\/X2ChWnYdNTI\/AAAAAAAAR9w\/W22V2quQT-QGGLRZDptV0vHL-94eErxKwCLcBGAsYHQ\/w638-h640\/Anota%25C3%25A7%25C3%25A3o%2B2020-09-15%2B080549.JPG\" alt=\"\"\/><\/figure>\n\n\n\n<figure class=\"wp-block-image size-large\"><img decoding=\"async\" src=\"https:\/\/1.bp.blogspot.com\/-6tqjmGeQMJc\/X2ChbjxbY9I\/AAAAAAAAR98\/UF24vW2b2XA4vBHVpBKfSFkBUwgF2c0ZACLcBGAsYHQ\/w632-h640\/Anota%25C3%25A7%25C3%25A3o%2B2020-09-15%2B080732.JPG\" alt=\"\"\/><\/figure>\n\n\n<p>Muito bom dia a todos os amigos cultos e ocultos! Eis aqui um disco que h\u00e1 tempos est\u00e1 na promessa de ser postado aqui no Toque Musical. Enfim, chegou a sua hora, a sua vez&#8230; Afinal, \u00e9 mais um que aqui n\u00e3o pode faltar, n\u00e9? Ent\u00e3o&#8230; Temos este cl\u00e1ssico e tamb\u00e9m \u00fanico disco do coletivo Pessoal do Cear\u00e1, formado por Ednardo, Rodger e Teti. Na verdade, o Pessoal do Cear\u00e1 foi uma esp\u00e9cie de movimento cultural surgido no final dos anos 60, no Cear\u00e1, por um grupo de artistas e intelectuais, dos quais estavam inseridos Ednardo, Fagner, Belchior, Rodger, Teti e muitos outros&#8230; Tudo tomou forma a partir dos anos 70 quando essa turma come\u00e7a a se destacar nacionalmente. Em 1972 eles recebem o convite para gravar um disco, no caso este lp no qual acabaram ficando de fora o Fagner e Belchior, pois esses dois j\u00e1 tinham contratos com outras gravadoras. Da\u00ed, o Pessoal do Cear\u00e1 acabou sendo Ednardo, Rodger e Teti e nasceu este disco que \u00e9 simplesmente maravilhoso, &#8220;Meu corpo, minha embalagem, todo gasto de viagem&#8221;. Um \u00e1lbum que \u00e9 um cl\u00e1ssico da nossa moderna m\u00fasica popular brasileira, hoje, mais ainda, uma raridade que injustamente n\u00e3o recebeu uma reedi\u00e7\u00e3o em 180 gramas, raz\u00e3o pela qual um exemplar original e em boas condi\u00e7\u00f5es esteja custando at\u00e9 500 reais entre colecionadores. Embora n\u00e3o sendo uma novidade na rede, aqui no TM \u00e9 que ele se consagra! Confira no GTM&#8230;<\/p>\n<p>ingazeira<\/p>\n<p>terral<\/p>\n<p>cavalo de ferro<\/p>\n<p>curta metragem<\/p>\n<p>falando da vida<\/p>\n<p>dono dos teus olhos<\/p>\n<p>palmas pra dar ibope<\/p>\n<p>beira mar<\/p>\n<p>\u00e9 isto<\/p>\n<p>a mala<\/p>\n<p>.<\/p>\n\n\n<p><\/p>\n","protected":false},"excerpt":{"rendered":"<p>Muito bom dia a todos os amigos cultos e ocultos! Eis aqui um disco que h\u00e1 tempos est\u00e1 na promessa de ser postado aqui no Toque Musical. Enfim, chegou a sua hora, a sua vez&#8230; Afinal, \u00e9 mais um que &hellip; <a href=\"https:\/\/www.toque-musicall.com\/?p=7808\">Continue lendo <span class=\"meta-nav\">&rarr;<\/span><\/a><\/p>\n","protected":false},"author":1,"featured_media":0,"comment_status":"closed","ping_status":"closed","sticky":false,"template":"","format":"standard","meta":{"footnotes":""},"categories":[2298,616,3898,40],"tags":[3897,3899,3327],"class_list":["post-7808","post","type-post","status-publish","format-standard","hentry","category-ednardo","category-pessoal-do-ceara","category-roger-teti","category-selo-continental","tag-ednardo","tag-pessoal-do-ceara","tag-selo-continental"],"_links":{"self":[{"href":"https:\/\/www.toque-musicall.com\/index.php?rest_route=\/wp\/v2\/posts\/7808","targetHints":{"allow":["GET"]}}],"collection":[{"href":"https:\/\/www.toque-musicall.com\/index.php?rest_route=\/wp\/v2\/posts"}],"about":[{"href":"https:\/\/www.toque-musicall.com\/index.php?rest_route=\/wp\/v2\/types\/post"}],"author":[{"embeddable":true,"href":"https:\/\/www.toque-musicall.com\/index.php?rest_route=\/wp\/v2\/users\/1"}],"replies":[{"embeddable":true,"href":"https:\/\/www.toque-musicall.com\/index.php?rest_route=%2Fwp%2Fv2%2Fcomments&post=7808"}],"version-history":[{"count":1,"href":"https:\/\/www.toque-musicall.com\/index.php?rest_route=\/wp\/v2\/posts\/7808\/revisions"}],"predecessor-version":[{"id":7809,"href":"https:\/\/www.toque-musicall.com\/index.php?rest_route=\/wp\/v2\/posts\/7808\/revisions\/7809"}],"wp:attachment":[{"href":"https:\/\/www.toque-musicall.com\/index.php?rest_route=%2Fwp%2Fv2%2Fmedia&parent=7808"}],"wp:term":[{"taxonomy":"category","embeddable":true,"href":"https:\/\/www.toque-musicall.com\/index.php?rest_route=%2Fwp%2Fv2%2Fcategories&post=7808"},{"taxonomy":"post_tag","embeddable":true,"href":"https:\/\/www.toque-musicall.com\/index.php?rest_route=%2Fwp%2Fv2%2Ftags&post=7808"}],"curies":[{"name":"wp","href":"https:\/\/api.w.org\/{rel}","templated":true}]}}