{"id":781,"date":"2010-07-27T14:05:00","date_gmt":"2010-07-27T14:05:00","guid":{"rendered":"http:\/\/www.toque-musicall.com\/?p=781"},"modified":"2010-07-27T14:05:00","modified_gmt":"2010-07-27T14:05:00","slug":"os-catedraticos-tremendao-1964","status":"publish","type":"post","link":"https:\/\/www.toque-musicall.com\/?p=781","title":{"rendered":"Os Catedraticos &#8211; Tremend\u00e3o (1964)"},"content":{"rendered":"<p><a href=\"http:\/\/2.bp.blogspot.com\/_DSKVEvHtskc\/TE7n8RyofAI\/AAAAAAAAGxY\/fpMGv_P1-RE\/s1600\/folder.jpg\"><img decoding=\"async\" style=\"TEXT-ALIGN: center; MARGIN: 0px auto 10px; WIDTH: 400px; DISPLAY: block; HEIGHT: 394px; CURSOR: hand\" id=\"BLOGGER_PHOTO_ID_5498587217819892738\" border=\"0\" alt=\"\" src=\"http:\/\/2.bp.blogspot.com\/_DSKVEvHtskc\/TE7n8RyofAI\/AAAAAAAAGxY\/fpMGv_P1-RE\/s400\/folder.jpg\" \/><\/a> Ol\u00e1 amigos cultos e ocultos! Aqui estou eu de volta, depois de uma semana longe das postagens. Foi bom para descansar um pouco dessa agita\u00e7\u00e3o. Fui correr montanhas, respirar ar puro e tentar por em ordem algumas coisas na minha cabe\u00e7a. Pena que a semana, nessas horas seja t\u00e3o curta e como num sonho, acaba quando a gente menos espera. Descansei, mas vendo pelo n\u00famero de e-mails que terei pela frente para responder, j\u00e1 come\u00e7o a ficar cansado de novo \ud83d\ude42 Pe\u00e7o a todos um pouco de paci\u00eancia, responderei aos e-mails, mensagens e coment\u00e1rios ao longo dos dias. Ainda bem que eu tenho at\u00e9 a pr\u00f3xima semana para por ordem na casa \ud83d\ude42<\/p>\n<div>Vamos reiniciando nossas postagens trazendo um disco nota dez. Vamos com Os Catedr\u00e1ticos, de Eumir Deodato. O segundo disco do grupo, lan\u00e7ado pelo selo Equipe em 1964. Sem d\u00favida, ap\u00f3s ouvirmos este disco, fica claro o porqu\u00ea Eumir Deodato \u00e9 um dos m\u00fasicos &#8216;brazileiros&#8217; mais competentes e importantes no mundo. Nessa \u00e9poca, com apenas 21 anos, ele j\u00e1 mandava muito bem, comandando o grupo e criando todos os arranjos. O cara \u00e9 muito fera, podem acreditar. Al\u00e9m dos seus discos, ele tamb\u00e9m esteve por tr\u00e1s de outras dezenas de grava\u00e7\u00f5es, criando arranjos para uma infinidade de artistas e discos. De 1963 a 67 ele era um dos m\u00fasicos mais requisitados, exercendo as fun\u00e7\u00f5es de instrumentista e arranjador. Segundo Ruy Castro, em seu livro &#8220;Chega de Saudades&#8221;, at\u00e9 os discos da Elenco, &#8220;A Bossa Nova de Roberto Menescal&#8221; ou &#8220;A Nova Bossa Nova de Roberto Menescal&#8221; eram na verdade obra de Deodato. <em>Menescal apenas servia prazerosamente como &#8216;front man&#8217;<\/em>.<\/div>\n<div>No \u00e1lbum &#8220;Tremend\u00e3o&#8221; temos um repert\u00f3rio de vers\u00f5es que chegam a dar inveja em seus originais. Eumir Deodato e seus Catedr\u00e1ticos ultrapassam os limites do senso comum e ordin\u00e1rio das produ\u00e7\u00f5es do selo Equipe e mesmo de outros grupos semelhantes da \u00e9poca.<\/div>\n<div>Eis a\u00ed um disco daqueles que n\u00e3o d\u00e1 para perder, tem que ouvir&#8230;<\/div>\n<div><\/div>\n<div align=\"center\">.<\/div>\n<div align=\"center\">tremend\u00e3o<\/div>\n<div align=\"center\">come\u00e7ou de brincadeira<\/div>\n<div align=\"center\">gente<\/div>\n<div align=\"center\">am\u00e9lia<\/div>\n<div align=\"center\">menina flor<\/div>\n<div align=\"center\">champagne e codorniz<\/div>\n<div align=\"center\">my manne shelly<\/div>\n<div align=\"center\">imenso do amor<\/div>\n<div align=\"center\">fora do tempo<\/div>\n<div align=\"center\">d\u00e1-me um martelo<\/div>\n<div align=\"center\">de presente<\/div>\n<div align=\"center\">labareda<\/div>\n<div align=\"center\"><\/div>\n<div align=\"center\"><\/div>\n","protected":false},"excerpt":{"rendered":"<p>Ol\u00e1 amigos cultos e ocultos! Aqui estou eu de volta, depois de uma semana longe das postagens. Foi bom para descansar um pouco dessa agita\u00e7\u00e3o. Fui correr montanhas, respirar ar puro e tentar por em ordem algumas coisas na minha &hellip; <a href=\"https:\/\/www.toque-musicall.com\/?p=781\">Continue lendo <span class=\"meta-nav\">&rarr;<\/span><\/a><\/p>\n","protected":false},"author":1,"featured_media":0,"comment_status":"open","ping_status":"closed","sticky":false,"template":"","format":"standard","meta":{"footnotes":""},"categories":[1071,1070],"tags":[],"class_list":["post-781","post","type-post","status-publish","format-standard","hentry","category-eumir-deodato","category-os-catedraticos"],"_links":{"self":[{"href":"https:\/\/www.toque-musicall.com\/index.php?rest_route=\/wp\/v2\/posts\/781","targetHints":{"allow":["GET"]}}],"collection":[{"href":"https:\/\/www.toque-musicall.com\/index.php?rest_route=\/wp\/v2\/posts"}],"about":[{"href":"https:\/\/www.toque-musicall.com\/index.php?rest_route=\/wp\/v2\/types\/post"}],"author":[{"embeddable":true,"href":"https:\/\/www.toque-musicall.com\/index.php?rest_route=\/wp\/v2\/users\/1"}],"replies":[{"embeddable":true,"href":"https:\/\/www.toque-musicall.com\/index.php?rest_route=%2Fwp%2Fv2%2Fcomments&post=781"}],"version-history":[{"count":0,"href":"https:\/\/www.toque-musicall.com\/index.php?rest_route=\/wp\/v2\/posts\/781\/revisions"}],"wp:attachment":[{"href":"https:\/\/www.toque-musicall.com\/index.php?rest_route=%2Fwp%2Fv2%2Fmedia&parent=781"}],"wp:term":[{"taxonomy":"category","embeddable":true,"href":"https:\/\/www.toque-musicall.com\/index.php?rest_route=%2Fwp%2Fv2%2Fcategories&post=781"},{"taxonomy":"post_tag","embeddable":true,"href":"https:\/\/www.toque-musicall.com\/index.php?rest_route=%2Fwp%2Fv2%2Ftags&post=781"}],"curies":[{"name":"wp","href":"https:\/\/api.w.org\/{rel}","templated":true}]}}