{"id":7812,"date":"2020-09-13T12:39:00","date_gmt":"2020-09-13T15:39:00","guid":{"rendered":"http:\/\/www.toque-musicall.com\/?p=7812"},"modified":"2020-09-16T12:41:21","modified_gmt":"2020-09-16T15:41:21","slug":"metro-a-mao-de-mao-1987","status":"publish","type":"post","link":"https:\/\/www.toque-musicall.com\/?p=7812","title":{"rendered":"Metr\u00f4 &#8211; A M\u00e3o De Mao (1987)"},"content":{"rendered":"\n<figure class=\"wp-block-image size-large\"><img decoding=\"async\" src=\"https:\/\/1.bp.blogspot.com\/-J_KvQ_VLpGY\/X2IZ8qIn07I\/AAAAAAAAR-Q\/IGdEYUR42iAUkVEhHKSxOFojsSeELmxgQCLcBGAsYHQ\/w638-h640\/Anota%25C3%25A7%25C3%25A3o%2B2020-09-16%2B105539.JPG\" alt=\"\"\/><\/figure>\n\n\n\n<figure class=\"wp-block-image size-large\"><img decoding=\"async\" src=\"https:\/\/1.bp.blogspot.com\/-SRm_LofxV_I\/X2IZ8gRXybI\/AAAAAAAAR-U\/UJifLZgJrrIimmAo3jBzNWo9lmZ2h2mjgCLcBGAsYHQ\/w640-h634\/Anota%25C3%25A7%25C3%25A3o%2B2020-09-16%2B105641.JPG\" alt=\"\"\/><\/figure>\n\n\n<p>Ol\u00e1, meus caros amigos cultos e ocultos! Nosso 13 de setembro est\u00e1 hoje com cara de rock dos anos 80. Como j\u00e1 manifestei aqui, poucos foram os grupos de pop\/rock que me animaram nos anos 80. Embora eu j\u00e1 tenha postado no Toque Musical um dezena, ou mais, do pop nacional dessa d\u00e9cada, alguns, para mim, se destacam, seja pela sonoridade, pela qualidade ou pela criatividade. Nem entro no m\u00e9rito da originalidade, pois nada nos anos 80 foi verdadeiramente original. Enfim, faz parte e dessa parte tenho alguns grupos que respeito. Aqui um bom exemplo, \u00e9 este disco do grupo paulista Metr\u00f4, &#8220;A m\u00e3o de Mao&#8221;, lan\u00e7ado em 1987, atrav\u00e9s da CBS e seu selo Epic. Por certo este foi, comercialmente, o grande fracasso do Metr\u00f4, um disco que n\u00e3o vendeu. E isso se deve ao fato de que, naquele momento, a banda j\u00e1 n\u00e3o era a mesma e sua proposta musical passou a ser outra, sa\u00edram do &#8216;pop de r\u00e1dio&#8217; para um som mais sofisticado, com nuances experimentais e de rock, at\u00e9 progressivo. A vocalista de voz doce, Virginie Boutaud, foi trocada pelo m\u00fasico portugu\u00eas Pedro Parq que chegou incrementando a banda com novos elementos musicais e letras mais elaboradas. O grande erro da banda foi ter aceitado as condi\u00e7\u00f5es da gravadora, que embora tenha lhes dado uma super produ\u00e7\u00e3o, com um \u00e1lbum luxuoso, com encartes coloridos e at\u00e9 um falso Obi (filipeta usada em discos japoneses), n\u00e3o permitiu que a banda mudasse de nome, no caso para &#8220;Tristes Tigres&#8221;, nomezinho ruim, sem d\u00favida, mas como Metr\u00f4 estavam fadados a um estranhamento, principalmente dos f\u00e3s. E n\u00e3o deu outra, o disco foi um fracasso de vendas que acabou culminando no encerramento das atividades. Uma pena, pois imagino que se tivessem usado um outro nome, talvez tivessem conquistado um novo p\u00fablico e garantido a perman\u00eancia. Infelizmente, quando se trabalha com grandes selos\/gravadoras estamos sujeitos a imposi\u00e7\u00f5es comerciais. A arte nessa hora \u00e9 o que conta menos, afinal a ind\u00fastria fonogr\u00e1fica estava mais interessada em lucros do que em arte. Normal&#8230; Mas nada como o tempo para fazer a gente apurar as coisas devidamente. E no meu entendimento e gosto pessoal, &#8220;A m\u00e3o de Mao&#8221; foi o melhor disco da banda. Algo que nos faz lembrar a proposta inicial dessa turma, quando ent\u00e3o se chamavam\u00a0 &#8220;A Gota Suspensa&#8221;, l\u00e1 pelo final da d\u00e9cada de 70. mas isso \u00e9 uma outra hist\u00f3ria&#8230; Quem n\u00e3o conhece &#8220;A m\u00e3o de Mao&#8221;, mas conhece a fama de uma banda &#8216;new wave&#8217;, pode se surpreender. Para mim, este foi um dos melhores discos do rock nacional lan\u00e7ado nos anos 80. E quem duvida, que confira no GTM&#8230;<\/p>\n<p>a m\u00e3o de mao<\/p>\n<p>habhitantes<\/p>\n<p>cinema branco<\/p>\n<p>atl\u00e2ntico 7 de novembro<\/p>\n<p>boca<\/p>\n<p>gato preto<\/p>\n<p>ahnimais (wiss)<\/p>\n<p>the red prayer (idiot love)<\/p>\n<p>l\u00e1grimas im\u00f3veis<\/p>\n<p>.<\/p>\n\n\n<p><\/p>\n","protected":false},"excerpt":{"rendered":"<p>Ol\u00e1, meus caros amigos cultos e ocultos! Nosso 13 de setembro est\u00e1 hoje com cara de rock dos anos 80. Como j\u00e1 manifestei aqui, poucos foram os grupos de pop\/rock que me animaram nos anos 80. Embora eu j\u00e1 tenha &hellip; <a href=\"https:\/\/www.toque-musicall.com\/?p=7812\">Continue lendo <span class=\"meta-nav\">&rarr;<\/span><\/a><\/p>\n","protected":false},"author":1,"featured_media":0,"comment_status":"closed","ping_status":"closed","sticky":false,"template":"","format":"standard","meta":{"footnotes":""},"categories":[3901,624],"tags":[3900,3583],"class_list":["post-7812","post","type-post","status-publish","format-standard","hentry","category-metro","category-selo-epic","tag-metro","tag-selo-epic"],"_links":{"self":[{"href":"https:\/\/www.toque-musicall.com\/index.php?rest_route=\/wp\/v2\/posts\/7812","targetHints":{"allow":["GET"]}}],"collection":[{"href":"https:\/\/www.toque-musicall.com\/index.php?rest_route=\/wp\/v2\/posts"}],"about":[{"href":"https:\/\/www.toque-musicall.com\/index.php?rest_route=\/wp\/v2\/types\/post"}],"author":[{"embeddable":true,"href":"https:\/\/www.toque-musicall.com\/index.php?rest_route=\/wp\/v2\/users\/1"}],"replies":[{"embeddable":true,"href":"https:\/\/www.toque-musicall.com\/index.php?rest_route=%2Fwp%2Fv2%2Fcomments&post=7812"}],"version-history":[{"count":1,"href":"https:\/\/www.toque-musicall.com\/index.php?rest_route=\/wp\/v2\/posts\/7812\/revisions"}],"predecessor-version":[{"id":7813,"href":"https:\/\/www.toque-musicall.com\/index.php?rest_route=\/wp\/v2\/posts\/7812\/revisions\/7813"}],"wp:attachment":[{"href":"https:\/\/www.toque-musicall.com\/index.php?rest_route=%2Fwp%2Fv2%2Fmedia&parent=7812"}],"wp:term":[{"taxonomy":"category","embeddable":true,"href":"https:\/\/www.toque-musicall.com\/index.php?rest_route=%2Fwp%2Fv2%2Fcategories&post=7812"},{"taxonomy":"post_tag","embeddable":true,"href":"https:\/\/www.toque-musicall.com\/index.php?rest_route=%2Fwp%2Fv2%2Ftags&post=7812"}],"curies":[{"name":"wp","href":"https:\/\/api.w.org\/{rel}","templated":true}]}}