{"id":7827,"date":"2020-09-18T13:41:16","date_gmt":"2020-09-18T16:41:16","guid":{"rendered":"http:\/\/www.toque-musicall.com\/?p=7827"},"modified":"2020-09-18T13:42:39","modified_gmt":"2020-09-18T16:42:39","slug":"carlos-pita-aguas-do-sao-francisco-1979","status":"publish","type":"post","link":"https:\/\/www.toque-musicall.com\/?p=7827","title":{"rendered":"Carlos Pita &#8211; Aguas Do S\u00e3o Francisco (1979)"},"content":{"rendered":"\n<figure class=\"wp-block-image size-large\"><img decoding=\"async\" src=\"https:\/\/1.bp.blogspot.com\/-f1MfrdxLzEM\/X2TSoACMKNI\/AAAAAAAASAw\/UdogxlUzGxoFYaYqHm0vxyXhkR5V8WAngCLcBGAsYHQ\/w640-h634\/Anota%25C3%25A7%25C3%25A3o%2B2020-09-15%2B094826.JPG\" alt=\"\"\/><\/figure>\n\n\n\n<figure class=\"wp-block-image size-large\"><img decoding=\"async\" src=\"https:\/\/1.bp.blogspot.com\/-lZtLIc6QepU\/X2TSnuj_IsI\/AAAAAAAASAs\/9w0hBP4PW6U7XrfNG3HgURfJUeibuJxLwCLcBGAsYHQ\/w638-h640\/Anota%25C3%25A7%25C3%25A3o%2B2020-09-15%2B094918.JPG\" alt=\"\"\/><\/figure>\n\n\n<p>Bom dia, amigos cultos e ocultos! Temos aqui um disco que h\u00e1 tempos deveria estar constando em nossas fileiras, o &#8220;\u00c1guas do S\u00e3o Francisco&#8221;, disco de estreia do cantor e compositor baiano, de Feira de Santana, Carlos Pita, em 1979, pelo selo Chantecler. Embora tenha gravado seu primeiro disco em 79, j\u00e1 atuava na m\u00fasica, compondo e tamb\u00e9m produzindo. Para se ter uma ideia, foi Pita o produtor de discos como os de Elomar: &#8220;Na Quadrada das \u00c1guas Perdidas&#8221;, &#8220;Fantasia Leiga&#8221; e &#8220;Auto da Catingueira&#8221; e tamb\u00e9m de destaque, o disco &#8220;Interregno&#8221;, de Walter Smetak, entre outros&#8230; Sua trajet\u00f3ria remonta mais de 30 anos dedicados a m\u00fasica popular brasileira. Artista reconhecido internacionalmente e hoje com uma carreira consolidada, tem dezenas de trabalhos autorais, em vinil e tamb\u00e9m em cd. O \u00e1lbum que aqui apresentamos foi um disco de sucesso, um trabalho premiado, feito dentro da linguagem dos livros de cordel, de heran\u00e7a medieval. Lembra muito a m\u00fasica de Elomar. Disco bonito de se ouvir e por certo um dos melhores trabalhos musicais lan\u00e7ados naquele final de anos 70. Vale a pena ouvir&#8230;<\/p>\n<p>o reino das \u00e1guas barrentas e os desafios do amor<\/p>\n<p>a hist\u00f3ria do cavaleiro enluarado com a donzela do bem amar<\/p>\n<p>a hist\u00f3ria do cavaleiro de couro e corda com a dama dos rasos de seca<\/p>\n<p>a hist\u00f3ria do cavaleiro sertanejo com a princesa do clarear<\/p>\n<p>o romance do rei do ensolarar com a bela das rendas de lua<\/p>\n<p>a princesa do agreste e o cantador do elo ao mar<\/p>\n<p>o arco-\u00edris trovejou<\/p>\n<p>a hist\u00f3ria dos quatro reinos desaparecidos e os guerreiros do mal viver<\/p>\n<p>princesa sertaneja<\/p>\n<p>a rainha do tran\u00e7ar e o violeiro dos esqueces<\/p>\n<p>a hist\u00f3ria da princesa das candeias de amor com o cego do alumiar<\/p>\n<p>o pr\u00edncipe das verdejan\u00e7as e o amor do verdejar<\/p>\n<p>.<\/p>\n\n\n<p><\/p>\n","protected":false},"excerpt":{"rendered":"<p>Bom dia, amigos cultos e ocultos! Temos aqui um disco que h\u00e1 tempos deveria estar constando em nossas fileiras, o &#8220;\u00c1guas do S\u00e3o Francisco&#8221;, disco de estreia do cantor e compositor baiano, de Feira de Santana, Carlos Pita, em 1979, &hellip; <a href=\"https:\/\/www.toque-musicall.com\/?p=7827\">Continue lendo <span class=\"meta-nav\">&rarr;<\/span><\/a><\/p>\n","protected":false},"author":1,"featured_media":0,"comment_status":"closed","ping_status":"closed","sticky":false,"template":"","format":"standard","meta":{"footnotes":""},"categories":[3916,217,1],"tags":[3917,3073],"class_list":["post-7827","post","type-post","status-publish","format-standard","hentry","category-carlos-pita","category-selo-chantecler","category-sem-categoria","tag-carlos-pita","tag-selo-chantecler"],"_links":{"self":[{"href":"https:\/\/www.toque-musicall.com\/index.php?rest_route=\/wp\/v2\/posts\/7827","targetHints":{"allow":["GET"]}}],"collection":[{"href":"https:\/\/www.toque-musicall.com\/index.php?rest_route=\/wp\/v2\/posts"}],"about":[{"href":"https:\/\/www.toque-musicall.com\/index.php?rest_route=\/wp\/v2\/types\/post"}],"author":[{"embeddable":true,"href":"https:\/\/www.toque-musicall.com\/index.php?rest_route=\/wp\/v2\/users\/1"}],"replies":[{"embeddable":true,"href":"https:\/\/www.toque-musicall.com\/index.php?rest_route=%2Fwp%2Fv2%2Fcomments&post=7827"}],"version-history":[{"count":1,"href":"https:\/\/www.toque-musicall.com\/index.php?rest_route=\/wp\/v2\/posts\/7827\/revisions"}],"predecessor-version":[{"id":7828,"href":"https:\/\/www.toque-musicall.com\/index.php?rest_route=\/wp\/v2\/posts\/7827\/revisions\/7828"}],"wp:attachment":[{"href":"https:\/\/www.toque-musicall.com\/index.php?rest_route=%2Fwp%2Fv2%2Fmedia&parent=7827"}],"wp:term":[{"taxonomy":"category","embeddable":true,"href":"https:\/\/www.toque-musicall.com\/index.php?rest_route=%2Fwp%2Fv2%2Fcategories&post=7827"},{"taxonomy":"post_tag","embeddable":true,"href":"https:\/\/www.toque-musicall.com\/index.php?rest_route=%2Fwp%2Fv2%2Ftags&post=7827"}],"curies":[{"name":"wp","href":"https:\/\/api.w.org\/{rel}","templated":true}]}}