{"id":7829,"date":"2020-09-19T22:16:00","date_gmt":"2020-09-20T01:16:00","guid":{"rendered":"http:\/\/www.toque-musicall.com\/?p=7829"},"modified":"2021-01-10T10:10:32","modified_gmt":"2021-01-10T13:10:32","slug":"casa-das-maquinas-1974","status":"publish","type":"post","link":"https:\/\/www.toque-musicall.com\/?p=7829","title":{"rendered":"Casa Das M\u00e1quinas (1974)"},"content":{"rendered":"\n<figure class=\"wp-block-image size-large\"><img decoding=\"async\" src=\"https:\/\/1.bp.blogspot.com\/-5zppKvZn-Ko\/X2fgjgIqXqI\/AAAAAAAASBg\/U8r2JkJN-BQhJ24SmR5RKB1TiXREvCI1ACLcBGAsYHQ\/w636-h640\/Anota%25C3%25A7%25C3%25A3o%2B2020-09-20%2B195958.JPG\" alt=\"\"\/><\/figure>\n\n\n\n<figure class=\"wp-block-image size-large\"><img decoding=\"async\" src=\"https:\/\/1.bp.blogspot.com\/-l_VCaLacOrI\/X2fgjMI58QI\/AAAAAAAASBc\/AbqKQpSngbwRRBw4sEq1wiamSYI9Y7IvACLcBGAsYHQ\/w638-h640\/Anota%25C3%25A7%25C3%25A3o%2B2020-09-20%2B200032.JPG\" alt=\"\"\/><\/figure>\n\n\n<div>Boa noite caros amigos cultos e ocutlos! Temos aqui o Casa das M\u00e1quinas, grupo de rock paulista em seu primeiro disco, lan\u00e7ado em 1974, pela Som Livre. O Casa das M\u00e1quinas foi formado em 1973 pelo baterista dos Incr\u00edveis, o Netinho. Inicialmente a mudan\u00e7a foi para Os Novos Incr\u00edveis, mas quando surgiu a oportunidade de gravar, mudaram o nome para Casa das M\u00e1quinas. O grupo, ao longo do tempo passou por diferentes forma\u00e7\u00f5es e continua ainda hoje atuando, mantendo aceso o nome desta que foi uma das melhores bandas de rock dos anos 70. Neste primeiro lp eles ainda mantem uma sonoridade e estilo pr\u00f3ximo que estava sendo feito pelos Incr\u00edveis em fase final.&nbsp;<\/div>\n<div>&#8220;O disco conta com a maior parte de suas can\u00e7\u00f5es compostas por Aroldo e Carlos Geraldo, com participa\u00e7\u00f5es pontuais de Netinho e Piska.&nbsp;O texto da contracapa do disco mostra que, apesar de Netinho ser o l\u00edder da banda, Aroldo era a cabe\u00e7a pensante e quem trazia os temas de religiosidade e contracultura para as letras do \u00e1lbum.&nbsp;Para promover o disco, a gravadora lan\u00e7ou a can\u00e7\u00e3o &#8220;Tudo Porque Eu te Amo&#8221;, em um&nbsp;compacto duplo&nbsp;&#8211;&nbsp;<i>2 + 2<\/i>&nbsp;&#8211; dividido com artistas internacionais e com o&nbsp;Azymuth.&nbsp;Ap\u00f3s o lan\u00e7amento do disco, o quinteto roda o Brasil j\u00e1 que a banda dispunha de uma das aparelhagens mais modernas do mercado de shows no Brasil, al\u00e9m de famoso \u00f4nibus para excurs\u00f5es e um escrit\u00f3rio que cuidava da promo\u00e7\u00e3o e agendamento de apresenta\u00e7\u00f5es, tudo herdado por Netinho de Os Incr\u00edveis.&nbsp;Este acabaria sendo o \u00fanico \u00e1lbum lan\u00e7ado com a forma\u00e7\u00e3o original, j\u00e1 que Pique saiu da banda antes da grava\u00e7\u00e3o do pr\u00f3ximo disco.&#8221;*<\/div>\n<div>Este lp \u00e9 hoje uma raridade, at\u00e9 porque s\u00f3 chegou a ser relan\u00e7ado, timidamente, em uma vers\u00e3o cd. Confiram, no GTM&#8230;&nbsp;<\/div>\n<div>&nbsp;<\/div>\n<div>a natureza<\/div>\n<div>tudo porque eu te amo<\/div>\n<div>mundo de paz<\/div>\n<div>quero que voc\u00ea me diga<\/div>\n<div>canto livre<\/div>\n<div>trem da verdade<\/div>\n<div>preciso lhe ouvir<\/div>\n<div>cantem esse som com a gente<\/div>\n<div>domingo a tarde<\/div>\n<div>sanduiche de queijo<\/div>\n<div>&nbsp;<\/div>\n<div>.<\/div>\n\n\n<p><\/p>\n","protected":false},"excerpt":{"rendered":"<p>Boa noite caros amigos cultos e ocutlos! Temos aqui o Casa das M\u00e1quinas, grupo de rock paulista em seu primeiro disco, lan\u00e7ado em 1974, pela Som Livre. O Casa das M\u00e1quinas foi formado em 1973 pelo baterista dos Incr\u00edveis, o &hellip; <a href=\"https:\/\/www.toque-musicall.com\/?p=7829\">Continue lendo <span class=\"meta-nav\">&rarr;<\/span><\/a><\/p>\n","protected":false},"author":1,"featured_media":0,"comment_status":"closed","ping_status":"closed","sticky":false,"template":"","format":"standard","meta":{"footnotes":""},"categories":[3918,66],"tags":[4211,3037],"class_list":["post-7829","post","type-post","status-publish","format-standard","hentry","category-casa-das-maquinas","category-selo-som-livre","tag-casa-das-maquinas","tag-selo-som-livre"],"_links":{"self":[{"href":"https:\/\/www.toque-musicall.com\/index.php?rest_route=\/wp\/v2\/posts\/7829","targetHints":{"allow":["GET"]}}],"collection":[{"href":"https:\/\/www.toque-musicall.com\/index.php?rest_route=\/wp\/v2\/posts"}],"about":[{"href":"https:\/\/www.toque-musicall.com\/index.php?rest_route=\/wp\/v2\/types\/post"}],"author":[{"embeddable":true,"href":"https:\/\/www.toque-musicall.com\/index.php?rest_route=\/wp\/v2\/users\/1"}],"replies":[{"embeddable":true,"href":"https:\/\/www.toque-musicall.com\/index.php?rest_route=%2Fwp%2Fv2%2Fcomments&post=7829"}],"version-history":[{"count":3,"href":"https:\/\/www.toque-musicall.com\/index.php?rest_route=\/wp\/v2\/posts\/7829\/revisions"}],"predecessor-version":[{"id":7834,"href":"https:\/\/www.toque-musicall.com\/index.php?rest_route=\/wp\/v2\/posts\/7829\/revisions\/7834"}],"wp:attachment":[{"href":"https:\/\/www.toque-musicall.com\/index.php?rest_route=%2Fwp%2Fv2%2Fmedia&parent=7829"}],"wp:term":[{"taxonomy":"category","embeddable":true,"href":"https:\/\/www.toque-musicall.com\/index.php?rest_route=%2Fwp%2Fv2%2Fcategories&post=7829"},{"taxonomy":"post_tag","embeddable":true,"href":"https:\/\/www.toque-musicall.com\/index.php?rest_route=%2Fwp%2Fv2%2Ftags&post=7829"}],"curies":[{"name":"wp","href":"https:\/\/api.w.org\/{rel}","templated":true}]}}