{"id":7836,"date":"2020-09-21T10:43:00","date_gmt":"2020-09-21T13:43:00","guid":{"rendered":"http:\/\/www.toque-musicall.com\/?p=7836"},"modified":"2021-01-10T10:10:10","modified_gmt":"2021-01-10T13:10:10","slug":"tony-de-matos-lado-a-lado-1961","status":"publish","type":"post","link":"https:\/\/www.toque-musicall.com\/?p=7836","title":{"rendered":"Tony De Matos &#8211; Lado A lado (1961)"},"content":{"rendered":"\n<figure class=\"wp-block-image size-large\"><img decoding=\"async\" src=\"https:\/\/1.bp.blogspot.com\/-dQIQE2cFGqQ\/X2n9qoC4ZeI\/AAAAAAAASCw\/SMWIIz3P5BQ3_PPUTX5TEeSpLQ_6nsL6QCLcBGAsYHQ\/w630-h640\/Anota%25C3%25A7%25C3%25A3o%2B2020-08-22%2B095757.jpg\" alt=\"\"\/><\/figure>\n\n\n\n<figure class=\"wp-block-image size-large\"><img decoding=\"async\" src=\"https:\/\/1.bp.blogspot.com\/-ujVTtp1AAnY\/X2n9qjFUmAI\/AAAAAAAASCs\/RirdROlHx3sFEccsmqVOqz57j9U7-38mgCLcBGAsYHQ\/w636-h640\/Anota%25C3%25A7%25C3%25A3o%2B2020-09-15%2B074227.JPG\" alt=\"\"\/><\/figure>\n\n\n<p>Ol\u00e1, prezados amigos cultos e ocultos! Eis uma postagem com toque bem lusitano. \u00c9 um disco do cantor Tony de Matos (pseud\u00f4nimo de Ant\u00f4nio Maria de Matos), \u201cLado a lado\u201d, editado pela Copacabana em 1961. \u201cO cantor rom\u00e2ntico da can\u00e7\u00e3o portuguesa\u201d, como era conhecido, nasceu no Porto, no bairro das Fontainhas, em 28 de setembro de 1924, e faleceu em Lisboa, em 8 de junho de 1989. Desde a inf\u00e2ncia tomou contato com o mundo art\u00edstico, pois seus pais eram atores. Aos 20 anos, come\u00e7ou a participar em espet\u00e1culos de variedades, assinando tamb\u00e9m seu primeiro contrato como cantor, com o Caf\u00e9 Luso, na \u00e9poca considerado \u201ca catedral do fado\u201d. Gravou seu primeiro disco em 1950, \u201cCartas de amor\u201d, grande sucesso em Portugal.\u00a0\u00a0Outros \u00eaxitos viriam em seguida, tais como \u201cTrovador\u201d, \u201cAo menos uma vez\u201d e \u201cLenda das \u00e1guas\u201d. Teve atua\u00e7\u00f5es espor\u00e1dicas no teatro, cinema e televis\u00e3o. Em 1953, vem pela primeira vez ao Brasil, cumprindo temporada em S\u00e3o Paulo. E para o Brasil voltaria em 1957, ficando seis anos e abrindo um restaurante t\u00edpico, O Fado, situado no bairro carioca de Copacabana. Em 1963, regressa a Portugal e continua a atuar em teatro e gravar discos. Em 1974, ap\u00f3s a Revolu\u00e7\u00e3o dos Cravos, teve de fixar resid\u00eancia nos EUA, onde ficou por oito anos, uma vez que sua m\u00fasica era associada ao antigo regime. Quando voltou definitivamente a Portugal, teve oportunidade de participar em diversas revistas teatrais e fez um espet\u00e1culo, em 1985, no Coliseu dos Recreios. Durante a carreira, recebeu dois pr\u00eamios Imprensa, um como can\u00e7onetista e outro como fadista. Neste LP, gravado no Brasil, Tony de Matos est\u00e1 no auge de sua carreira, e o repert\u00f3rio inclui uma m\u00fasica brasileira, \u201cTernura antiga\u201d, de Jos\u00e9 Ribamar e Dolores Duran. No mais, um disco de primeira, prato cheio para os f\u00e3s da can\u00e7\u00e3o lusitana, que inclui o cl\u00e1ssico \u201cS\u00f3 n\u00f3s dois\u201d. N\u00e3o deixem de conferir no GTM, ora, pois, pois!<\/p>\n<p>lado a lado<\/p>\n<p>vieste para mim<\/p>\n<p>ternura antiga<\/p>\n<p>s\u00f3 n\u00f3s dois<\/p>\n<p>coitado do z\u00e9 maria<\/p>\n<p>vou trocar de cora\u00e7\u00e3o<\/p>\n<p>poema do fim<\/p>\n<p>tu sabes l\u00e1<\/p>\n<p>gente maldosa<\/p>\n<p>h\u00e1s de pagar<\/p>\n<p>n\u00e3o dissemos adeus<\/p>\n<p>n\u00e3o me perguntes<\/p>\n<p>\u00a0<\/p>\n<p>*Texto de Samuel Machado Filho<\/p>","protected":false},"excerpt":{"rendered":"<p>Ol\u00e1, prezados amigos cultos e ocultos! Eis uma postagem com toque bem lusitano. \u00c9 um disco do cantor Tony de Matos (pseud\u00f4nimo de Ant\u00f4nio Maria de Matos), \u201cLado a lado\u201d, editado pela Copacabana em 1961. \u201cO cantor rom\u00e2ntico da can\u00e7\u00e3o &hellip; <a href=\"https:\/\/www.toque-musicall.com\/?p=7836\">Continue lendo <span class=\"meta-nav\">&rarr;<\/span><\/a><\/p>\n","protected":false},"author":1,"featured_media":0,"comment_status":"closed","ping_status":"closed","sticky":false,"template":"","format":"standard","meta":{"footnotes":""},"categories":[152,3921],"tags":[3108,4210],"class_list":["post-7836","post","type-post","status-publish","format-standard","hentry","category-selo-copacabana","category-tony-de-matos","tag-selo-copacabana","tag-tony-de-matos"],"_links":{"self":[{"href":"https:\/\/www.toque-musicall.com\/index.php?rest_route=\/wp\/v2\/posts\/7836","targetHints":{"allow":["GET"]}}],"collection":[{"href":"https:\/\/www.toque-musicall.com\/index.php?rest_route=\/wp\/v2\/posts"}],"about":[{"href":"https:\/\/www.toque-musicall.com\/index.php?rest_route=\/wp\/v2\/types\/post"}],"author":[{"embeddable":true,"href":"https:\/\/www.toque-musicall.com\/index.php?rest_route=\/wp\/v2\/users\/1"}],"replies":[{"embeddable":true,"href":"https:\/\/www.toque-musicall.com\/index.php?rest_route=%2Fwp%2Fv2%2Fcomments&post=7836"}],"version-history":[{"count":1,"href":"https:\/\/www.toque-musicall.com\/index.php?rest_route=\/wp\/v2\/posts\/7836\/revisions"}],"predecessor-version":[{"id":7837,"href":"https:\/\/www.toque-musicall.com\/index.php?rest_route=\/wp\/v2\/posts\/7836\/revisions\/7837"}],"wp:attachment":[{"href":"https:\/\/www.toque-musicall.com\/index.php?rest_route=%2Fwp%2Fv2%2Fmedia&parent=7836"}],"wp:term":[{"taxonomy":"category","embeddable":true,"href":"https:\/\/www.toque-musicall.com\/index.php?rest_route=%2Fwp%2Fv2%2Fcategories&post=7836"},{"taxonomy":"post_tag","embeddable":true,"href":"https:\/\/www.toque-musicall.com\/index.php?rest_route=%2Fwp%2Fv2%2Ftags&post=7836"}],"curies":[{"name":"wp","href":"https:\/\/api.w.org\/{rel}","templated":true}]}}