{"id":7838,"date":"2020-09-22T16:48:00","date_gmt":"2020-09-22T19:48:00","guid":{"rendered":"http:\/\/www.toque-musicall.com\/?p=7838"},"modified":"2020-09-24T16:52:28","modified_gmt":"2020-09-24T19:52:28","slug":"jose-roberto-e-seus-sucessos-vol-iii-1970","status":"publish","type":"post","link":"https:\/\/www.toque-musicall.com\/?p=7838","title":{"rendered":"Jos\u00e9 Roberto &#8211; E Seus Sucessos Vol. III (1970)"},"content":{"rendered":"\n<figure class=\"wp-block-image size-large\"><img decoding=\"async\" src=\"https:\/\/1.bp.blogspot.com\/-tLL2GCyZVR4\/X2x2v2BZS_I\/AAAAAAAASDE\/sTlcpmMbh5YApdhYgFyPCuspMJn4rGVSgCLcBGAsYHQ\/w640-h628\/Anota%25C3%25A7%25C3%25A3o%2B2020-08-10%2B235825.jpg\" alt=\"\"\/><\/figure>\n\n\n\n<figure class=\"wp-block-image size-large\"><img decoding=\"async\" src=\"https:\/\/1.bp.blogspot.com\/-VVWk8uU0nVs\/X2x2vtpnmLI\/AAAAAAAASDA\/sTsVwF0b_PYujozxE9qA3qLPBEvEcR_zgCLcBGAsYHQ\/w640-h640\/Anota%25C3%25A7%25C3%25A3o%2B2020-08-10%2B235906.jpg\" alt=\"\"\/><\/figure>\n\n\n<p>Baiano de Salvador, nascido em 25 de setembro de 1952, Jos\u00e9 Roberto S\u00e1 Costa novamente bate o ponto aqui no Toque Musical. Desta vez oferecemos a nossos amigos cultos e ocultos o terceiro volume de \u201cJos\u00e9 Roberto e seus sucessos\u201d, lan\u00e7ado pela CBS (selo Epic) em 1970. Entre as doze faixas, uma interessante regrava\u00e7\u00e3o do \u201cXote das meninas\u201d, de Luiz Gonzaga e Z\u00e9 Dantas, que j\u00e1 foi cantado at\u00e9 mesmo por Marisa Monte. Ele tamb\u00e9m regravou aqui \u201cUma l\u00e1grima\u201d, ent\u00e3o sucesso de Paulo Henrique, e \u201cMeu bem, ao menos telefone\u201d, que consagrou o cantor Luiz Fabiano. O pr\u00f3prio int\u00e9rprete assina a faixa \u201cA minha vingan\u00e7a\u201d, em parceria com Olavo S\u00e9rgio. Temos ainda trabalhos de Ed Wilson (\u201cPreciso de voc\u00ea\u201d e \u201cNada como um dia atr\u00e1s do outro\u201d), Get\u00falio Cortes (\u201cEu preciso ser feliz\u201d), das duplas Othon Russo-Niquinho (\u201cDesta vez n\u00e3o vou chorar\u201d), Edson Ribeiro-H\u00e9lio Justo (\u201cEu fa\u00e7o tudo pra voc\u00ea voltar\u201d)e Olavo S\u00e9rgio-Paulo Fernando (\u201cE hoje eu venho dizer que te amo\u201d), Maury C\u00e2mara (\u201cSou eu chamando voc\u00ea\u201d) e Regina Corr\u00eaa (\u201cN\u00e3o v\u00e1 embora\u201d), que, se n\u00e3o me engano, \u00e9 aquela que cantava no Trio Esperan\u00e7a junto com os irm\u00e3os M\u00e1rio e Eva, a futura Evinha. Enfim, \u00e9 uma colet\u00e2nea do mais aut\u00eantico supra-sumo rom\u00e2ntico do limiar dos anos 1970. Confiram no GTM.<\/p>\n<p>preciso de voc\u00ea<\/p>\n<p>e hoje eu venho dizer que te amo<\/p>\n<p>eu preciso ser feliz<\/p>\n<p>desta vez n\u00e3o vou chorar<\/p>\n<p>o xote das meninas<\/p>\n<p>uma l\u00e1grima<\/p>\n<p>sou eu chamando voc\u00ea<\/p>\n<p>a minha vingan\u00e7a<\/p>\n<p>eu fa\u00e7o tudo pra voc\u00ea voltar<\/p>\n<p>n\u00e3o h\u00e1 nada como um dia atr\u00e1s do outro<\/p>\n<p>meu bem ao menos telefone<\/p>\n<p>n\u00e3o v\u00e1 embora<\/p>\n<p>\u00a0<\/p>\n<p>*Texto de Samuel Machado Filho\u00a0<\/p>\n\n\n<p><\/p>\n","protected":false},"excerpt":{"rendered":"<p>Baiano de Salvador, nascido em 25 de setembro de 1952, Jos\u00e9 Roberto S\u00e1 Costa novamente bate o ponto aqui no Toque Musical. Desta vez oferecemos a nossos amigos cultos e ocultos o terceiro volume de \u201cJos\u00e9 Roberto e seus sucessos\u201d, &hellip; <a href=\"https:\/\/www.toque-musicall.com\/?p=7838\">Continue lendo <span class=\"meta-nav\">&rarr;<\/span><\/a><\/p>\n","protected":false},"author":1,"featured_media":0,"comment_status":"closed","ping_status":"closed","sticky":false,"template":"","format":"standard","meta":{"footnotes":""},"categories":[3695,624],"tags":[3696,3583],"class_list":["post-7838","post","type-post","status-publish","format-standard","hentry","category-jose-roberto","category-selo-epic","tag-jose-roberto","tag-selo-epic"],"_links":{"self":[{"href":"https:\/\/www.toque-musicall.com\/index.php?rest_route=\/wp\/v2\/posts\/7838","targetHints":{"allow":["GET"]}}],"collection":[{"href":"https:\/\/www.toque-musicall.com\/index.php?rest_route=\/wp\/v2\/posts"}],"about":[{"href":"https:\/\/www.toque-musicall.com\/index.php?rest_route=\/wp\/v2\/types\/post"}],"author":[{"embeddable":true,"href":"https:\/\/www.toque-musicall.com\/index.php?rest_route=\/wp\/v2\/users\/1"}],"replies":[{"embeddable":true,"href":"https:\/\/www.toque-musicall.com\/index.php?rest_route=%2Fwp%2Fv2%2Fcomments&post=7838"}],"version-history":[{"count":1,"href":"https:\/\/www.toque-musicall.com\/index.php?rest_route=\/wp\/v2\/posts\/7838\/revisions"}],"predecessor-version":[{"id":7839,"href":"https:\/\/www.toque-musicall.com\/index.php?rest_route=\/wp\/v2\/posts\/7838\/revisions\/7839"}],"wp:attachment":[{"href":"https:\/\/www.toque-musicall.com\/index.php?rest_route=%2Fwp%2Fv2%2Fmedia&parent=7838"}],"wp:term":[{"taxonomy":"category","embeddable":true,"href":"https:\/\/www.toque-musicall.com\/index.php?rest_route=%2Fwp%2Fv2%2Fcategories&post=7838"},{"taxonomy":"post_tag","embeddable":true,"href":"https:\/\/www.toque-musicall.com\/index.php?rest_route=%2Fwp%2Fv2%2Ftags&post=7838"}],"curies":[{"name":"wp","href":"https:\/\/api.w.org\/{rel}","templated":true}]}}