{"id":784,"date":"2010-07-15T22:58:00","date_gmt":"2010-07-15T22:58:00","guid":{"rendered":"http:\/\/www.toque-musicall.com\/?p=784"},"modified":"2010-07-15T22:58:00","modified_gmt":"2010-07-15T22:58:00","slug":"oswaldinho-da-cuica-preto-no-branco-1985","status":"publish","type":"post","link":"https:\/\/www.toque-musicall.com\/?p=784","title":{"rendered":"Oswaldinho da Cuica &#8211; Preto No Branco (1985)"},"content":{"rendered":"<p><a href=\"http:\/\/4.bp.blogspot.com\/_DSKVEvHtskc\/TD-SqGjmGiI\/AAAAAAAAGwo\/eVIODlhnOrc\/s1600\/osvaldinho+da+cuica+P.JPG\"><img decoding=\"async\" style=\"TEXT-ALIGN: center; MARGIN: 0px auto 10px; WIDTH: 398px; DISPLAY: block; HEIGHT: 400px; CURSOR: hand\" id=\"BLOGGER_PHOTO_ID_5494271322427365922\" border=\"0\" alt=\"\" src=\"http:\/\/4.bp.blogspot.com\/_DSKVEvHtskc\/TD-SqGjmGiI\/AAAAAAAAGwo\/eVIODlhnOrc\/s400\/osvaldinho+da+cuica+P.JPG\" \/><\/a> Na sequ\u00eancia do samba, aqui vai mais um, desta vez de S\u00e3o Paulo. Osvaldinho da Cu\u00edca \u00e9 um sambista de respeito da terra da garoa. Entre 1967 e 1999 ele fez parte do conjunto Dem\u00f4nios da Garoa. Paralelo a isso atuou tamb\u00e9m ao lado de artistas como Nelson Gon\u00e7alves, Ismael Silva, Nelson Cavaquinho, Cartola e muitos outros. N\u00e3o tenho bem certo, mas acho que &#8220;Preto no branco&#8221; foi seu primeiro disco solo. Participam do \u00e1lbum, entre outros artista e sambistas, o percussionista Papeti e tamb\u00e9m Cido Bianchi. Os arranjos s\u00e3o de Edson Jos\u00e9 Alves. Lan\u00e7ado originalmente em 1985 pelo selo independente Somda, saiu em 2005 em formato cd. Quem gostar pode adquirir o cd que (dizem) ainda est\u00e1 a venda.<\/p>\n<div align=\"center\">sai do pagode, man\u00e9<\/div>\n<div align=\"center\">contrasenso<\/div>\n<div align=\"center\">alegria geral<\/div>\n<div align=\"center\">na arca de noel roda<\/div>\n<div align=\"center\">orun-ay\u00ea, eterno amanhecer<\/div>\n<div align=\"center\">canto em yorub\u00e1<\/div>\n<div align=\"center\">show fant\u00e1stico<\/div>\n<div align=\"center\">n\u00e3o aguento mais<\/div>\n<div align=\"center\">seus olhinhos<\/div>\n<div align=\"center\">oagode da bicharada<\/div>\n<div align=\"center\">cavaco malandro<\/div>\n<div align=\"center\">cu\u00edca manhosa<\/div>\n<div align=\"center\"> <\/div>\n<div align=\"center\"> <\/div>\n","protected":false},"excerpt":{"rendered":"<p>Na sequ\u00eancia do samba, aqui vai mais um, desta vez de S\u00e3o Paulo. Osvaldinho da Cu\u00edca \u00e9 um sambista de respeito da terra da garoa. Entre 1967 e 1999 ele fez parte do conjunto Dem\u00f4nios da Garoa. Paralelo a isso &hellip; <a href=\"https:\/\/www.toque-musicall.com\/?p=784\">Continue lendo <span class=\"meta-nav\">&rarr;<\/span><\/a><\/p>\n","protected":false},"author":1,"featured_media":0,"comment_status":"open","ping_status":"closed","sticky":false,"template":"","format":"standard","meta":{"footnotes":""},"categories":[1072],"tags":[],"class_list":["post-784","post","type-post","status-publish","format-standard","hentry","category-osvaldinho-da-cuica"],"_links":{"self":[{"href":"https:\/\/www.toque-musicall.com\/index.php?rest_route=\/wp\/v2\/posts\/784","targetHints":{"allow":["GET"]}}],"collection":[{"href":"https:\/\/www.toque-musicall.com\/index.php?rest_route=\/wp\/v2\/posts"}],"about":[{"href":"https:\/\/www.toque-musicall.com\/index.php?rest_route=\/wp\/v2\/types\/post"}],"author":[{"embeddable":true,"href":"https:\/\/www.toque-musicall.com\/index.php?rest_route=\/wp\/v2\/users\/1"}],"replies":[{"embeddable":true,"href":"https:\/\/www.toque-musicall.com\/index.php?rest_route=%2Fwp%2Fv2%2Fcomments&post=784"}],"version-history":[{"count":0,"href":"https:\/\/www.toque-musicall.com\/index.php?rest_route=\/wp\/v2\/posts\/784\/revisions"}],"wp:attachment":[{"href":"https:\/\/www.toque-musicall.com\/index.php?rest_route=%2Fwp%2Fv2%2Fmedia&parent=784"}],"wp:term":[{"taxonomy":"category","embeddable":true,"href":"https:\/\/www.toque-musicall.com\/index.php?rest_route=%2Fwp%2Fv2%2Fcategories&post=784"},{"taxonomy":"post_tag","embeddable":true,"href":"https:\/\/www.toque-musicall.com\/index.php?rest_route=%2Fwp%2Fv2%2Ftags&post=784"}],"curies":[{"name":"wp","href":"https:\/\/api.w.org\/{rel}","templated":true}]}}