{"id":7842,"date":"2020-09-24T08:33:00","date_gmt":"2020-09-24T11:33:00","guid":{"rendered":"http:\/\/www.toque-musicall.com\/?p=7842"},"modified":"2020-09-25T08:37:56","modified_gmt":"2020-09-25T11:37:56","slug":"festival-villa-lobos-ii-concurso-internacional-de-violao-1980","status":"publish","type":"post","link":"https:\/\/www.toque-musicall.com\/?p=7842","title":{"rendered":"Festival Villa-Lobos &#8211; II Concurso Internacional De Viol\u00e3o (1980)"},"content":{"rendered":"\n<figure class=\"wp-block-image size-large\"><img decoding=\"async\" src=\"https:\/\/1.bp.blogspot.com\/-VrNOCw1kV0s\/X23Oj0KJ29I\/AAAAAAAASEE\/GTDwKHxtp38l6ocvOH1zvv66KWmJFjpsQCLcBGAsYHQ\/w640-h638\/Anota%25C3%25A7%25C3%25A3o%2B2020-09-24%2B190802.JPG\" alt=\"\"\/><\/figure>\n\n\n\n<figure class=\"wp-block-image size-large\"><img decoding=\"async\" src=\"https:\/\/1.bp.blogspot.com\/-x3LHccI_jrQ\/X23OjzgAXgI\/AAAAAAAASEI\/OqiNNkqVhrQnzXd2Xah_ADvROGeFQ3hngCLcBGAsYHQ\/w636-h640\/Anota%25C3%25A7%25C3%25A3o%2B2020-09-24%2B190627.JPG\" alt=\"\"\/><\/figure>\n\n\n<p>Bom dia a todos, amigos cultos e ocultos! Mantendo a nossa velha e boa tradi\u00e7\u00e3o, aqui vai mais uma raridade para o deleite de todos, ou, em especial, os amantes do viol\u00e3o. Por aqui sempre aparece algum violonista pedindo discos onde o viol\u00e3o \u00e9 o instrumento de destaque. Ent\u00e3o, aqui temos mais um, disco n\u00e3o-comercial, o que, por certo o faz ser quase um in\u00e9dito. Sai dos limitados para a vitrine do nosso Toque Musical. Como podemos ver, trata-se do Festival Villa-Lobos, de 1980, onde aconteceu o II Concurso Internacional de Viol\u00e3o. A m\u00fasica brasileira, de grandes mestres desse instrumento, na interpreta\u00e7\u00e3o de v\u00e1rios instrumentistas, nacionais e internacionais. Na contracapa voc\u00eas encontrar\u00e3o mais informa\u00e7\u00f5es sobre este disco, que realmente \u00e9 uma joia. Confiram no GTM&#8230;<\/p>\n<p>francisco mignone &#8211; estudo n\u00ba 8 &#8211; eduardo casta\u00f1era<\/p>\n<p>francisco mignone &#8211; estudos n\u00ba 6 e 12 &#8211; mara portela<\/p>\n<p>edino krieger &#8211; ritmata &#8211; jungen shollman<\/p>\n<p>marlos nobre &#8211; momentos n\u00ba 1 &#8211; marcelo jeh\u00e1 kayath<\/p>\n<p>marlos nobre &#8211; homenagem a villa-lobos &#8211; rodolfo m. lahoz<\/p>\n<p>guerra peixe &#8211; prel\u00fadios n\u00ba 4 e 5 &#8211; roland dyens<\/p>\n<p>nestor de hollanda cavalcanti &#8211; suite quadrada &#8211; roland dyens<\/p>\n<p>aldo taranto &#8211; modulando &#8211; istv\u00e1n adrovicz<\/p>\n<p>pedro cameron &#8211; repentes &#8211; istv\u00e1n adrovicz<\/p>\n<p>arthur bosmans &#8211; brasileiras: modinha &#8211; willem brioen<\/p>\n<p>marcelo de camargo fernandes &#8211; sonatinha &#8211; eduardo elias isaac<\/p>\n<p>heitor villa-lobos &#8211; valsa choro &#8211; roland dyens<\/p>\n<p>.<\/p>\n\n\n<p><\/p>\n","protected":false},"excerpt":{"rendered":"<p>Bom dia a todos, amigos cultos e ocultos! Mantendo a nossa velha e boa tradi\u00e7\u00e3o, aqui vai mais uma raridade para o deleite de todos, ou, em especial, os amantes do viol\u00e3o. Por aqui sempre aparece algum violonista pedindo discos &hellip; <a href=\"https:\/\/www.toque-musicall.com\/?p=7842\">Continue lendo <span class=\"meta-nav\">&rarr;<\/span><\/a><\/p>\n","protected":false},"author":1,"featured_media":0,"comment_status":"closed","ping_status":"closed","sticky":false,"template":"","format":"standard","meta":{"footnotes":""},"categories":[3922,25],"tags":[3364,3017],"class_list":["post-7842","post","type-post","status-publish","format-standard","hentry","category-festival-villa-lobos-violao","category-selo-independente","tag-festivais","tag-selo-independente"],"_links":{"self":[{"href":"https:\/\/www.toque-musicall.com\/index.php?rest_route=\/wp\/v2\/posts\/7842","targetHints":{"allow":["GET"]}}],"collection":[{"href":"https:\/\/www.toque-musicall.com\/index.php?rest_route=\/wp\/v2\/posts"}],"about":[{"href":"https:\/\/www.toque-musicall.com\/index.php?rest_route=\/wp\/v2\/types\/post"}],"author":[{"embeddable":true,"href":"https:\/\/www.toque-musicall.com\/index.php?rest_route=\/wp\/v2\/users\/1"}],"replies":[{"embeddable":true,"href":"https:\/\/www.toque-musicall.com\/index.php?rest_route=%2Fwp%2Fv2%2Fcomments&post=7842"}],"version-history":[{"count":1,"href":"https:\/\/www.toque-musicall.com\/index.php?rest_route=\/wp\/v2\/posts\/7842\/revisions"}],"predecessor-version":[{"id":7843,"href":"https:\/\/www.toque-musicall.com\/index.php?rest_route=\/wp\/v2\/posts\/7842\/revisions\/7843"}],"wp:attachment":[{"href":"https:\/\/www.toque-musicall.com\/index.php?rest_route=%2Fwp%2Fv2%2Fmedia&parent=7842"}],"wp:term":[{"taxonomy":"category","embeddable":true,"href":"https:\/\/www.toque-musicall.com\/index.php?rest_route=%2Fwp%2Fv2%2Fcategories&post=7842"},{"taxonomy":"post_tag","embeddable":true,"href":"https:\/\/www.toque-musicall.com\/index.php?rest_route=%2Fwp%2Fv2%2Ftags&post=7842"}],"curies":[{"name":"wp","href":"https:\/\/api.w.org\/{rel}","templated":true}]}}