{"id":7844,"date":"2020-09-25T20:18:00","date_gmt":"2020-09-25T23:18:00","guid":{"rendered":"http:\/\/www.toque-musicall.com\/?p=7844"},"modified":"2021-01-10T10:08:06","modified_gmt":"2021-01-10T13:08:06","slug":"1o-recital-de-compositores-goianos-1970","status":"publish","type":"post","link":"https:\/\/www.toque-musicall.com\/?p=7844","title":{"rendered":"1\u00ba Recital de Compositores Goianos (1970)"},"content":{"rendered":"\n<figure class=\"wp-block-image size-large\"><img decoding=\"async\" src=\"https:\/\/1.bp.blogspot.com\/-gOPdu0jtkWk\/X3JrBe83Q7I\/AAAAAAAASEg\/J4k--D2EjswV2flpamtUWdww-ypvEFT2QCLcBGAsYHQ\/w636-h640\/Anota%25C3%25A7%25C3%25A3o%2B2020-09-09%2B165612.jpg\" alt=\"\"\/><\/figure>\n\n\n\n<figure class=\"wp-block-image size-large\"><img decoding=\"async\" src=\"https:\/\/1.bp.blogspot.com\/-Wzwhwi1_1YI\/X3JrBZRSTsI\/AAAAAAAASEk\/08DYUOXOuBUKBFfjUYPzLe_TSyjwsXb3gCLcBGAsYHQ\/w630-h640\/Anota%25C3%25A7%25C3%25A3o%2B2020-09-09%2B165804.jpg\" alt=\"\"\/><\/figure>\n\n\n<p>Ol\u00e1, amigos cultos e ocultos! O \u00e1lbum que o Toque Musical apresenta hoje \u00e9 um importante documento hist\u00f3rico. Chama-se \u201cPrimeiro recital de compositores goianos\u201d, um lan\u00e7amento independente, gravado ao vivo, em 1970, na Matriz de Nossa Senhora do Ros\u00e1rio, em Piren\u00f3polis, munic\u00edpio tombado como conjunto arquitet\u00f4nico, urban\u00edstico, paisag\u00edstico e hist\u00f3rico pelo IPHAN (Instituto do Patrim\u00f4nio Hist\u00f3rico e Art\u00edstico Nacional) em 1989. No repert\u00f3rio, foram inclu\u00eddas pe\u00e7as de cunho erudito, com execu\u00e7\u00e3o a cargo da Banda Phenix, dirigida por Braz Wilson Pompeu de Pina Filho e Jose J. Nascimento, e o disco ainda conta com a participa\u00e7\u00e3o da solista Maria Augusta Calado e o coro da Matriz. Como se pode constatar, \u00e9 um trabalho art\u00edstico do mais alto n\u00edvel, al\u00e9m de raro, digno de merecer nosso Toque Musical. N\u00e3o deixem de conferir no GTM.\u00a0<\/p>\n<p>concerto dos sapos<\/p>\n<p>ave maria<\/p>\n<p>solo das dores<\/p>\n<p>hino a sant&#8217;ana<\/p>\n<p>tantun ergo<\/p>\n<p>o salutaris<\/p>\n<p>o salutaris<\/p>\n<p>\u00e1ria para pregador<\/p>\n<p>hino do divino<\/p>\n<p>\u00a0<\/p>\n<p>*Texto de Samuel Machado Filho<\/p>\n\n\n<p><\/p>\n","protected":false},"excerpt":{"rendered":"<p>Ol\u00e1, amigos cultos e ocultos! O \u00e1lbum que o Toque Musical apresenta hoje \u00e9 um importante documento hist\u00f3rico. Chama-se \u201cPrimeiro recital de compositores goianos\u201d, um lan\u00e7amento independente, gravado ao vivo, em 1970, na Matriz de Nossa Senhora do Ros\u00e1rio, em &hellip; <a href=\"https:\/\/www.toque-musicall.com\/?p=7844\">Continue lendo <span class=\"meta-nav\">&rarr;<\/span><\/a><\/p>\n","protected":false},"author":1,"featured_media":0,"comment_status":"closed","ping_status":"closed","sticky":false,"template":"","format":"standard","meta":{"footnotes":""},"categories":[3924,3925],"tags":[3923,4209],"class_list":["post-7844","post","type-post","status-publish","format-standard","hentry","category-1o-recital-de-compositores-goianos","category-selo-embalo","tag-1o-recital-de-compositores-goianos","tag-selo-embalo"],"_links":{"self":[{"href":"https:\/\/www.toque-musicall.com\/index.php?rest_route=\/wp\/v2\/posts\/7844","targetHints":{"allow":["GET"]}}],"collection":[{"href":"https:\/\/www.toque-musicall.com\/index.php?rest_route=\/wp\/v2\/posts"}],"about":[{"href":"https:\/\/www.toque-musicall.com\/index.php?rest_route=\/wp\/v2\/types\/post"}],"author":[{"embeddable":true,"href":"https:\/\/www.toque-musicall.com\/index.php?rest_route=\/wp\/v2\/users\/1"}],"replies":[{"embeddable":true,"href":"https:\/\/www.toque-musicall.com\/index.php?rest_route=%2Fwp%2Fv2%2Fcomments&post=7844"}],"version-history":[{"count":1,"href":"https:\/\/www.toque-musicall.com\/index.php?rest_route=\/wp\/v2\/posts\/7844\/revisions"}],"predecessor-version":[{"id":7845,"href":"https:\/\/www.toque-musicall.com\/index.php?rest_route=\/wp\/v2\/posts\/7844\/revisions\/7845"}],"wp:attachment":[{"href":"https:\/\/www.toque-musicall.com\/index.php?rest_route=%2Fwp%2Fv2%2Fmedia&parent=7844"}],"wp:term":[{"taxonomy":"category","embeddable":true,"href":"https:\/\/www.toque-musicall.com\/index.php?rest_route=%2Fwp%2Fv2%2Fcategories&post=7844"},{"taxonomy":"post_tag","embeddable":true,"href":"https:\/\/www.toque-musicall.com\/index.php?rest_route=%2Fwp%2Fv2%2Ftags&post=7844"}],"curies":[{"name":"wp","href":"https:\/\/api.w.org\/{rel}","templated":true}]}}