{"id":7850,"date":"2020-09-27T10:40:00","date_gmt":"2020-09-27T13:40:00","guid":{"rendered":"http:\/\/www.toque-musicall.com\/?p=7850"},"modified":"2020-10-01T10:44:58","modified_gmt":"2020-10-01T13:44:58","slug":"coral-jovem-de-sao-paulo-boas-novas-1972","status":"publish","type":"post","link":"https:\/\/www.toque-musicall.com\/?p=7850","title":{"rendered":"Coral Jovem De S\u00e3o Paulo &#8211; Boas Novas (1972)"},"content":{"rendered":"\n<figure class=\"wp-block-image size-large\"><img decoding=\"async\" src=\"https:\/\/1.bp.blogspot.com\/-Hn_0Dv4oHzQ\/X3XPV_KJTUI\/AAAAAAAASFI\/GemN9n_sPUEXTjPqvH-LoPxayU-4gRI7QCLcBGAsYHQ\/w634-h640\/Anota%25C3%25A7%25C3%25A3o%2B2020-10-01%2B094318.JPG\" alt=\"\"\/><\/figure>\n\n\n\n<figure class=\"wp-block-image size-large\"><img decoding=\"async\" src=\"https:\/\/1.bp.blogspot.com\/-Ne6qv6WYT7Y\/X3XQbr6Iy_I\/AAAAAAAASFU\/WF-_jdAzBKYMVg-rLXLtE8_y6x-78Q17wCLcBGAsYHQ\/w634-h640\/Anota%25C3%25A7%25C3%25A3o%2B2020-10-01%2B094641.JPG\" alt=\"\"\/><\/figure>\n\n\n<p>Ol\u00e1, amigos cultos e ocultos, bom dia! Entre tantas curiosidades &#8216;fonomusicais&#8217; que temos postado aqui ao longo de todos esses anos, acho que poucas foram as vezes em que nos aventuramos na publica\u00e7\u00e3o de discos com temas religiosos. \u00c9 certo que quando falamos em Religi\u00e3o, muita gente n\u00e3o d\u00e1 aten\u00e7\u00e3o, principalmente quando se trata da religi\u00e3o dos outros. E realmente, discos de temas religiosos s\u00e3o um tanto enfadonhos e desinteressantes. Mas isso n\u00e3o \u00e9 regra geral, h\u00e1 trabalhos que valem a pena conhecer, independente de qual religi\u00e3o a pessoa professe. Nos pr\u00f3ximos dias vamos postar aqui alguns desses discos. Andei fazendo uma sele\u00e7\u00e3o que considero exemplar, discos que, por certo, n\u00e3o se escuta em qualquer pra\u00e7a. Da\u00ed, ent\u00e3o, come\u00e7amos com este disco do Coral Jovem de S\u00e3o Paulo, lan\u00e7ado em 1972, pelo selo Copacabana. Temos aqui um disco voltado para a juventude, seguindo as trilhas de movimentos crist\u00e3os daquela \u00e9poca, que acontecia em outras partes do mundo. Coisa que se originou ainda nos anos 60, nos Estados Unidos com &#8216;Jesus Movement&#8217; e na sequencia com o &#8216;Children of God&#8217; e depois o &#8216;The Family International&#8217;. Por certo, o nosso Coral Jovem de S\u00e3o Paulo segue por outra trilha, no caso a evang\u00e9lica Batista, que a meu ver nada tem com o evang\u00e9lico-baixo-clero de hoje em dia. O Coral Jovem de S\u00e3o Paulo, conforme descreve o texto da contracapa, \u00e9 um conjunto informal formado por jovens batistas do Estado de S\u00e3o Paulo e regido pelo maestro\/pastor americano Roger Cole. Os arranjos e a supervis\u00e3o musical \u00e9 do maestro Leo Peracchi. Curiosidade que ir\u00e1 agradar mesmo quem n\u00e3o \u00e9 batista. Confiram&#8230;<\/p>\n<p>boas novas<\/p>\n<p>chegamos n\u00f3s<\/p>\n<p>eu estou aqui esperando<\/p>\n<p>vivo sempre cantando<\/p>\n<p>domingueiro<\/p>\n<p>acorda j\u00e1<\/p>\n<p>acordei<\/p>\n<p>maravilhado<\/p>\n<p>sou rebelde<\/p>\n<p>tudo isso vai mudar<\/p>\n<p>bravo e viva<\/p>\n<p>vem viver<\/p>\n<p>se em ti viver<\/p>\n<p>se eu vou viver amanh\u00e3<\/p>\n<p>um milagre de verdade e luz<\/p>\n<p>testemunho &#8211; se eu n\u00e3o testemunhar &#8211; queres ajuda<\/p>\n<p>boas novas<\/p>\n<p>\u00a0<\/p>\n<p>.<\/p>","protected":false},"excerpt":{"rendered":"<p>Ol\u00e1, amigos cultos e ocultos, bom dia! Entre tantas curiosidades &#8216;fonomusicais&#8217; que temos postado aqui ao longo de todos esses anos, acho que poucas foram as vezes em que nos aventuramos na publica\u00e7\u00e3o de discos com temas religiosos. \u00c9 certo &hellip; <a href=\"https:\/\/www.toque-musicall.com\/?p=7850\">Continue lendo <span class=\"meta-nav\">&rarr;<\/span><\/a><\/p>\n","protected":false},"author":1,"featured_media":0,"comment_status":"closed","ping_status":"closed","sticky":false,"template":"","format":"standard","meta":{"footnotes":""},"categories":[3928,152],"tags":[3929,3108],"class_list":["post-7850","post","type-post","status-publish","format-standard","hentry","category-coral-jovem-de-sao-paulo","category-selo-copacabana","tag-coral-jovem-de-sao-paulo","tag-selo-copacabana"],"_links":{"self":[{"href":"https:\/\/www.toque-musicall.com\/index.php?rest_route=\/wp\/v2\/posts\/7850","targetHints":{"allow":["GET"]}}],"collection":[{"href":"https:\/\/www.toque-musicall.com\/index.php?rest_route=\/wp\/v2\/posts"}],"about":[{"href":"https:\/\/www.toque-musicall.com\/index.php?rest_route=\/wp\/v2\/types\/post"}],"author":[{"embeddable":true,"href":"https:\/\/www.toque-musicall.com\/index.php?rest_route=\/wp\/v2\/users\/1"}],"replies":[{"embeddable":true,"href":"https:\/\/www.toque-musicall.com\/index.php?rest_route=%2Fwp%2Fv2%2Fcomments&post=7850"}],"version-history":[{"count":2,"href":"https:\/\/www.toque-musicall.com\/index.php?rest_route=\/wp\/v2\/posts\/7850\/revisions"}],"predecessor-version":[{"id":7852,"href":"https:\/\/www.toque-musicall.com\/index.php?rest_route=\/wp\/v2\/posts\/7850\/revisions\/7852"}],"wp:attachment":[{"href":"https:\/\/www.toque-musicall.com\/index.php?rest_route=%2Fwp%2Fv2%2Fmedia&parent=7850"}],"wp:term":[{"taxonomy":"category","embeddable":true,"href":"https:\/\/www.toque-musicall.com\/index.php?rest_route=%2Fwp%2Fv2%2Fcategories&post=7850"},{"taxonomy":"post_tag","embeddable":true,"href":"https:\/\/www.toque-musicall.com\/index.php?rest_route=%2Fwp%2Fv2%2Ftags&post=7850"}],"curies":[{"name":"wp","href":"https:\/\/api.w.org\/{rel}","templated":true}]}}