{"id":7853,"date":"2020-09-28T11:38:00","date_gmt":"2020-09-28T14:38:00","guid":{"rendered":"http:\/\/www.toque-musicall.com\/?p=7853"},"modified":"2020-10-04T11:42:13","modified_gmt":"2020-10-04T14:42:13","slug":"3o-ronco-d0-bugio-sao-francisco-de-paula-1988","status":"publish","type":"post","link":"https:\/\/www.toque-musicall.com\/?p=7853","title":{"rendered":"3\u00ba Ronco D0 Bugio &#8211; S\u00e3o Francisco De Paula (1988)"},"content":{"rendered":"\n<figure class=\"wp-block-image size-large\"><img decoding=\"async\" src=\"https:\/\/1.bp.blogspot.com\/-9gXONfujYJU\/X3nUhiSd8uI\/AAAAAAAASFk\/1qBdO9aSKKg-hXCkMw92D2qza0aufH7IwCLcBGAsYHQ\/w618-h640\/Anota%25C3%25A7%25C3%25A3o%2B2020-09-15%2B101030.JPG\" alt=\"\"\/><\/figure>\n\n\n\n<figure class=\"wp-block-image size-large\"><img decoding=\"async\" src=\"https:\/\/1.bp.blogspot.com\/-Xkrt9fAATHk\/X3nUhNSUrKI\/AAAAAAAASFg\/iGG1vneubaAzXeEFP8gWsFQ-cLBQoRChACLcBGAsYHQ\/w640-h638\/Anota%25C3%25A7%25C3%25A3o%2B2020-09-15%2B100429.JPG\" alt=\"\"\/><\/figure>\n\n\n<p>Ol\u00e1, prezados amigos cultos e ocultos! Hoje o Toque Musical oferece parcela do rico acervo regional ga\u00facho.\u00a0\u00a0Estamos apresentando para voc\u00eas um disco com as doze m\u00fasicas classificadas da terceira edi\u00e7\u00e3o do festival Ronco do Bugio, lan\u00e7ado pela Chantecler\/Continental em 1988. O evento se realiza anualmente na cidade ga\u00facha de S\u00e3o Francisco de Paula (por certo n\u00e3o aconteceu este ano em virtude da pandemia de Covid 19), com o intuito de preservar e difundir o \u00fanico ritmo origin\u00e1rio do Rio Grande do Sul, ou seja, o \u201cbugio\u201d, compasso criado justamente no interior desse munic\u00edpio. Tal cria\u00e7\u00e3o se deu a partir da criatividade dos gaiteiros (sanfoneiros) serranos, que buscaram imitar, com seu instrumento musical, o ronco do primata nos matos da serra. A festividade \u00e9 genu\u00edna, pois \u00e9 a \u00fanica da Am\u00e9rica onde, obrigatoriamente, os participantes devem utilizar apenas um ritmo, o citado \u201cbugio\u201d, embora a tem\u00e1tica seja abrangente. Da\u00ed ser considerado o festival mais aut\u00eantico do Rio Grande do Sul. Al\u00e9m do forte enfoque cultural que envolve toda a comunidade musical ga\u00facha, o festival tem seu apelo ecol\u00f3gico, pois chama a aten\u00e7\u00e3o para a preserva\u00e7\u00e3o da esp\u00e9cie, hoje quase em extin\u00e7\u00e3o. Nas doze faixas deste disco, o mais aut\u00eantico \u201cbugio\u201d, na interpreta\u00e7\u00e3o de artistas t\u00edpicos ga\u00fachos. \u00c9 ir ao GTM e conferir, tch\u00ea!<\/p>\n<p>bugio do meu rinc\u00e3o &#8211; gonzaga dos reis e grupo<\/p>\n<p>gaiteiros da serra &#8211; koko, emerson e grupo<\/p>\n<p>de mala gaita e viol\u00e3o &#8211; grupo som campeiro<\/p>\n<p>que viva o bugio &#8211; souzinha jr e grupo vozes do pago<\/p>\n<p>oque \u00e9 bugio &#8211; jaime ribeiro e os provincianos<\/p>\n<p>bugio arisco &#8211; nelcy vargas e grupo<\/p>\n<p>a voz do lugar &#8211; elton saldadnha e grupo<\/p>\n<p>bugio da serra e da fronteira &#8211; itajaiba mattana e os nativos<\/p>\n<p>bugio safado &#8211; leo almeida e grupo rodeio<\/p>\n<p>tropeadas &#8211; gozaga dos reis e grupo<\/p>\n<p>bailanta da til\u00f3ca &#8211; grupo caaguas<\/p>\n<p>bugio e viol\u00e3o &#8211; antoninho duarte e os andantes<\/p>\n<p>\u00a0<\/p>\n<p>.<\/p>\n<p>*Texto de Samuel Machado Filho<\/p>\n\n\n<p><\/p>\n","protected":false},"excerpt":{"rendered":"<p>Ol\u00e1, prezados amigos cultos e ocultos! Hoje o Toque Musical oferece parcela do rico acervo regional ga\u00facho.\u00a0\u00a0Estamos apresentando para voc\u00eas um disco com as doze m\u00fasicas classificadas da terceira edi\u00e7\u00e3o do festival Ronco do Bugio, lan\u00e7ado pela Chantecler\/Continental em 1988. &hellip; <a href=\"https:\/\/www.toque-musicall.com\/?p=7853\">Continue lendo <span class=\"meta-nav\">&rarr;<\/span><\/a><\/p>\n","protected":false},"author":1,"featured_media":0,"comment_status":"closed","ping_status":"closed","sticky":false,"template":"","format":"standard","meta":{"footnotes":""},"categories":[3931,217],"tags":[3930,3073],"class_list":["post-7853","post","type-post","status-publish","format-standard","hentry","category-3o-ronco-do-bugio","category-selo-chantecler","tag-3o-ronco-do-bugio","tag-selo-chantecler"],"_links":{"self":[{"href":"https:\/\/www.toque-musicall.com\/index.php?rest_route=\/wp\/v2\/posts\/7853","targetHints":{"allow":["GET"]}}],"collection":[{"href":"https:\/\/www.toque-musicall.com\/index.php?rest_route=\/wp\/v2\/posts"}],"about":[{"href":"https:\/\/www.toque-musicall.com\/index.php?rest_route=\/wp\/v2\/types\/post"}],"author":[{"embeddable":true,"href":"https:\/\/www.toque-musicall.com\/index.php?rest_route=\/wp\/v2\/users\/1"}],"replies":[{"embeddable":true,"href":"https:\/\/www.toque-musicall.com\/index.php?rest_route=%2Fwp%2Fv2%2Fcomments&post=7853"}],"version-history":[{"count":1,"href":"https:\/\/www.toque-musicall.com\/index.php?rest_route=\/wp\/v2\/posts\/7853\/revisions"}],"predecessor-version":[{"id":7854,"href":"https:\/\/www.toque-musicall.com\/index.php?rest_route=\/wp\/v2\/posts\/7853\/revisions\/7854"}],"wp:attachment":[{"href":"https:\/\/www.toque-musicall.com\/index.php?rest_route=%2Fwp%2Fv2%2Fmedia&parent=7853"}],"wp:term":[{"taxonomy":"category","embeddable":true,"href":"https:\/\/www.toque-musicall.com\/index.php?rest_route=%2Fwp%2Fv2%2Fcategories&post=7853"},{"taxonomy":"post_tag","embeddable":true,"href":"https:\/\/www.toque-musicall.com\/index.php?rest_route=%2Fwp%2Fv2%2Ftags&post=7853"}],"curies":[{"name":"wp","href":"https:\/\/api.w.org\/{rel}","templated":true}]}}