{"id":7855,"date":"2020-09-29T11:42:00","date_gmt":"2020-09-29T14:42:00","guid":{"rendered":"http:\/\/www.toque-musicall.com\/?p=7855"},"modified":"2020-10-04T11:50:59","modified_gmt":"2020-10-04T14:50:59","slug":"filo-origens-1983","status":"publish","type":"post","link":"https:\/\/www.toque-musicall.com\/?p=7855","title":{"rendered":"Fil\u00f3 &#8211; Origens (1983)"},"content":{"rendered":"\n<figure class=\"wp-block-image size-large\"><img decoding=\"async\" src=\"https:\/\/1.bp.blogspot.com\/-FneaErmnsdw\/X3nXdTlyh8I\/AAAAAAAASGA\/qpwwn0Bvu0s7qQJFEj6LuEk4KcyU4G-0wCLcBGAsYHQ\/w640-h630\/Anota%25C3%25A7%25C3%25A3o%2B2020-10-04%2B110626.JPG\" alt=\"\"\/><\/figure>\n\n\n\n<figure class=\"wp-block-image size-large is-resized\"><img loading=\"lazy\" decoding=\"async\" src=\"https:\/\/1.bp.blogspot.com\/-gwgDedaJ-20\/X3nXckvgkQI\/AAAAAAAASF8\/KIqGGm4e9kkQ6gnJ7mj0oGDl50Z1PZm4gCLcBGAsYHQ\/w634-h640\/Anota%25C3%25A7%25C3%25A3o%2B2020-10-04%2B110658.JPG\" alt=\"\" width=\"614\" height=\"620\"\/><\/figure>\n\n\n<div>Bom dia, companheiros, amigos cultos e ocultos! Mais uma vez, marcando presen\u00e7a aqui no nosso Toque Musical, temos hoje o paulista Fil\u00f3 Machado, cantor, compositor, arranjador, instrumentista e produtor musical. Irm\u00e3o de outro fera o violonista Celso Machado. Por a\u00ed j\u00e1 se tem ideia do tipo de artista que estamos falando. Embora sua trajet\u00f3ria profissional comece nos anos 60, somente em 1978 \u00e9 que ele grava o seu primeiro lp, disco esse j\u00e1 apresentado aqui no TM. Agora trazemos o seu segundo trabalho solo, o disco &#8220;Origens&#8221;, lan\u00e7ado em 1983 pelo selo Pointer. Neste lp ele conta com a participa\u00e7\u00e3o especial de Djavan e L\u00e9a Freire. Um trabalho totalmente autoral, sendo muitas das m\u00fasicas em parcerias. Um aut\u00eantico \u00e1lbum de musica popular brasileira de qualidade. N\u00e3o d\u00e1 para n\u00e3o gostar&#8230; Confiram no GTM.<\/div>\n<div>\u00a0<\/div>\n<div>quero pouco quero muito<\/div>\n<div>entre n\u00f3s<\/div>\n<div>mem\u00f3rias<\/div>\n<div>vida despetalada<\/div>\n<div>terras de minas<\/div>\n<div>n\u00e3o houve nada<\/div>\n<div>bai\u00e3o para o sul<\/div>\n<div>origens<\/div>\n<div>blue note<\/div>\n<div>vale o escrito<\/div>\n<div>dom bosco<\/div>\n<div>\u00a0<\/div>\n<div>\u00a0<\/div>\n<div>.<\/div>\n\n\n<p><\/p>\n","protected":false},"excerpt":{"rendered":"<p>Bom dia, companheiros, amigos cultos e ocultos! Mais uma vez, marcando presen\u00e7a aqui no nosso Toque Musical, temos hoje o paulista Fil\u00f3 Machado, cantor, compositor, arranjador, instrumentista e produtor musical. Irm\u00e3o de outro fera o violonista Celso Machado. Por a\u00ed &hellip; <a href=\"https:\/\/www.toque-musicall.com\/?p=7855\">Continue lendo <span class=\"meta-nav\">&rarr;<\/span><\/a><\/p>\n","protected":false},"author":1,"featured_media":0,"comment_status":"closed","ping_status":"closed","sticky":false,"template":"","format":"standard","meta":{"footnotes":""},"categories":[3932,490],"tags":[3194,3145],"class_list":["post-7855","post","type-post","status-publish","format-standard","hentry","category-filo-machado-2","category-selo-pointer","tag-filo-machado","tag-selo-pointer"],"_links":{"self":[{"href":"https:\/\/www.toque-musicall.com\/index.php?rest_route=\/wp\/v2\/posts\/7855","targetHints":{"allow":["GET"]}}],"collection":[{"href":"https:\/\/www.toque-musicall.com\/index.php?rest_route=\/wp\/v2\/posts"}],"about":[{"href":"https:\/\/www.toque-musicall.com\/index.php?rest_route=\/wp\/v2\/types\/post"}],"author":[{"embeddable":true,"href":"https:\/\/www.toque-musicall.com\/index.php?rest_route=\/wp\/v2\/users\/1"}],"replies":[{"embeddable":true,"href":"https:\/\/www.toque-musicall.com\/index.php?rest_route=%2Fwp%2Fv2%2Fcomments&post=7855"}],"version-history":[{"count":1,"href":"https:\/\/www.toque-musicall.com\/index.php?rest_route=\/wp\/v2\/posts\/7855\/revisions"}],"predecessor-version":[{"id":7856,"href":"https:\/\/www.toque-musicall.com\/index.php?rest_route=\/wp\/v2\/posts\/7855\/revisions\/7856"}],"wp:attachment":[{"href":"https:\/\/www.toque-musicall.com\/index.php?rest_route=%2Fwp%2Fv2%2Fmedia&parent=7855"}],"wp:term":[{"taxonomy":"category","embeddable":true,"href":"https:\/\/www.toque-musicall.com\/index.php?rest_route=%2Fwp%2Fv2%2Fcategories&post=7855"},{"taxonomy":"post_tag","embeddable":true,"href":"https:\/\/www.toque-musicall.com\/index.php?rest_route=%2Fwp%2Fv2%2Ftags&post=7855"}],"curies":[{"name":"wp","href":"https:\/\/api.w.org\/{rel}","templated":true}]}}