{"id":786,"date":"2010-07-14T01:43:00","date_gmt":"2010-07-14T01:43:00","guid":{"rendered":"http:\/\/www.toque-musicall.com\/?p=786"},"modified":"2010-07-14T01:43:00","modified_gmt":"2010-07-14T01:43:00","slug":"paulo-moura-hepteto-mensagem-1968","status":"publish","type":"post","link":"https:\/\/www.toque-musicall.com\/?p=786","title":{"rendered":"Paulo Moura Hepteto &#8211; Mensagem (1968)"},"content":{"rendered":"<p><a href=\"http:\/\/3.bp.blogspot.com\/_DSKVEvHtskc\/TD0eEo79KcI\/AAAAAAAAGwQ\/Hpoy06salis\/s1600\/Paulo+Moura+P.JPG\"><img decoding=\"async\" style=\"TEXT-ALIGN: center; MARGIN: 0px auto 10px; WIDTH: 399px; DISPLAY: block; HEIGHT: 400px; CURSOR: hand\" id=\"BLOGGER_PHOTO_ID_5493580185519073730\" border=\"0\" alt=\"\" src=\"http:\/\/3.bp.blogspot.com\/_DSKVEvHtskc\/TD0eEo79KcI\/AAAAAAAAGwQ\/Hpoy06salis\/s400\/Paulo+Moura+P.JPG\" \/><\/a>Que desagrad\u00e1vel surpresa saber que hoje faleceu um dos maiores instrumentistas brasileiros, o grande Paulo Moura. N\u00e3o tive nem tempo de preparar uma homenagem com um disco in\u00e9dito. Ali\u00e1s eu nem tenho nada que j\u00e1 n\u00e3o esteja postado neste e em diversos outros blogs. Paulo Moura sempre mereceu a aten\u00e7\u00e3o dos blogueiros de m\u00fasica, porque ele foi um m\u00fasico presente em v\u00e1rias frentes e tamb\u00e9m nos bastidores. Sua atua\u00e7\u00e3o foi sempre pautada na qualidade, o que fez dele um artista especial e acima da m\u00e9dia.<br \/>Segue aqui esta postagem especial, trazendo um disco tamb\u00e9m especial. M\u00fasica instrumental, jazz, talento brasileiro. &#8220;Mensagem&#8221; \u00e9 um \u00e1lbum que tem a cara do artista. Aqui ele vem acompanhado por um time de m\u00fasicos tamb\u00e9m de primeira: Wagner Tiso, Oberdan Magalh\u00e3es, Darcy da Cruz, Ces\u00e1rio Const\u00e2ncio, Pascoal Meirelles e Luiz Carlos. O repert\u00f3rio privilegia Milton Nascimento, com metade das m\u00fasicas sendo de sua autoria ou parcerias.<br \/>Valeu Paulo Moura!<\/p>\n<div align=\"center\">bonita<\/div>\n<div align=\"center\">travessia<\/div>\n<div align=\"center\">das tardes mais sos<\/div>\n<div align=\"center\">homem do meu mundo<\/div>\n<div align=\"center\">bitucada<\/div>\n<div align=\"center\">nem precisou mais um sol<\/div>\n<div align=\"center\">no brilho da faca<\/div>\n<div align=\"center\">wave<\/div>\n<div align=\"center\">tr\u00eas pontas<\/div>\n<div align=\"center\">outono<\/div>\n<div align=\"center\"><\/div>\n<div align=\"center\"><\/div>\n","protected":false},"excerpt":{"rendered":"<p>Que desagrad\u00e1vel surpresa saber que hoje faleceu um dos maiores instrumentistas brasileiros, o grande Paulo Moura. N\u00e3o tive nem tempo de preparar uma homenagem com um disco in\u00e9dito. Ali\u00e1s eu nem tenho nada que j\u00e1 n\u00e3o esteja postado neste e &hellip; <a href=\"https:\/\/www.toque-musicall.com\/?p=786\">Continue lendo <span class=\"meta-nav\">&rarr;<\/span><\/a><\/p>\n","protected":false},"author":1,"featured_media":0,"comment_status":"open","ping_status":"closed","sticky":false,"template":"","format":"standard","meta":{"footnotes":""},"categories":[987],"tags":[],"class_list":["post-786","post","type-post","status-publish","format-standard","hentry","category-paulo-moura"],"_links":{"self":[{"href":"https:\/\/www.toque-musicall.com\/index.php?rest_route=\/wp\/v2\/posts\/786","targetHints":{"allow":["GET"]}}],"collection":[{"href":"https:\/\/www.toque-musicall.com\/index.php?rest_route=\/wp\/v2\/posts"}],"about":[{"href":"https:\/\/www.toque-musicall.com\/index.php?rest_route=\/wp\/v2\/types\/post"}],"author":[{"embeddable":true,"href":"https:\/\/www.toque-musicall.com\/index.php?rest_route=\/wp\/v2\/users\/1"}],"replies":[{"embeddable":true,"href":"https:\/\/www.toque-musicall.com\/index.php?rest_route=%2Fwp%2Fv2%2Fcomments&post=786"}],"version-history":[{"count":0,"href":"https:\/\/www.toque-musicall.com\/index.php?rest_route=\/wp\/v2\/posts\/786\/revisions"}],"wp:attachment":[{"href":"https:\/\/www.toque-musicall.com\/index.php?rest_route=%2Fwp%2Fv2%2Fmedia&parent=786"}],"wp:term":[{"taxonomy":"category","embeddable":true,"href":"https:\/\/www.toque-musicall.com\/index.php?rest_route=%2Fwp%2Fv2%2Fcategories&post=786"},{"taxonomy":"post_tag","embeddable":true,"href":"https:\/\/www.toque-musicall.com\/index.php?rest_route=%2Fwp%2Fv2%2Ftags&post=786"}],"curies":[{"name":"wp","href":"https:\/\/api.w.org\/{rel}","templated":true}]}}