{"id":787,"date":"2010-07-13T11:48:00","date_gmt":"2010-07-13T11:48:00","guid":{"rendered":"http:\/\/www.toque-musicall.com\/?p=787"},"modified":"2010-07-13T11:48:00","modified_gmt":"2010-07-13T11:48:00","slug":"moreira-da-silva-manchete-do-dia-1970","status":"publish","type":"post","link":"https:\/\/www.toque-musicall.com\/?p=787","title":{"rendered":"Moreira Da Silva &#8211; Manchete Do Dia (1970)"},"content":{"rendered":"<p><a href=\"http:\/\/3.bp.blogspot.com\/_DSKVEvHtskc\/TDxSyRN7R-I\/AAAAAAAAGwE\/QRXYsmo37QM\/s1600\/moreira+da+silva+P.JPG\"><img decoding=\"async\" style=\"TEXT-ALIGN: center; MARGIN: 0px auto 10px; WIDTH: 391px; DISPLAY: block; HEIGHT: 400px; CURSOR: hand\" id=\"BLOGGER_PHOTO_ID_5493356669053913058\" border=\"0\" alt=\"\" src=\"http:\/\/3.bp.blogspot.com\/_DSKVEvHtskc\/TDxSyRN7R-I\/AAAAAAAAGwE\/QRXYsmo37QM\/s400\/moreira+da+silva+P.JPG\" \/><\/a> Na sequ\u00eancia do bl\u00e1, bl\u00e1, bl\u00e1, aqui vou eu com mais uma raridade que n\u00e3o se encontra f\u00e1cil por a\u00ed. Mais uma vez marcando presen\u00e7a em nosso toque musical, temos o grande Moreira da Silva em seu disco &#8220;Manchete do dia&#8221;. Este \u00e1lbum consta em algumas refer\u00eancias como sendo de 1970, eu c\u00e1 tenho as minhas d\u00favidas. Se n\u00e3o me falha a mem\u00f3ria, este disco j\u00e1 rolava l\u00e1 em casa antes dessa \u00e9poca. Foi mesmo uma grata surpresa reencontr\u00e1-lo depois de tanto tempo. &#8220;Manchete do dia&#8221;, embora n\u00e3o seja um dos discos mais comentados do velho malandro, n\u00e3o deixa de ser t\u00e3o excelente quantos outros. Quase todas as m\u00fasicas s\u00e3o de sua autoria ou em parceria. Um disco de samba, sim senhor. Confiram a\u00ed&#8230;<br \/>.<\/p>\n<div><\/div>\n<div align=\"center\">o urubu est\u00e1 voando baixo<\/div>\n<div align=\"center\">chorei de dor <\/div>\n<div align=\"center\">em boa companhia<\/div>\n<div align=\"center\">telefonista<\/div>\n<div align=\"center\">vou voltar pra lapa<\/div>\n<div align=\"center\">viagem espacial<\/div>\n<div align=\"center\">plantel de bois e cavalos<\/div>\n<div align=\"center\">manchete do dia<\/div>\n<div align=\"center\">a rosa do meu amor<\/div>\n<div align=\"center\">escurinha legal<\/div>\n<div align=\"center\">homenagem a paulistinha<\/div>\n<div align=\"center\">est\u00e1 vendo doutor<\/div>\n<div align=\"center\">moreninha poliglota<\/div>\n<div align=\"center\">amanh\u00e3 \u00e9 domingo<\/div>\n<div align=\"center\"><\/div>\n<div align=\"center\"><\/div>\n","protected":false},"excerpt":{"rendered":"<p>Na sequ\u00eancia do bl\u00e1, bl\u00e1, bl\u00e1, aqui vou eu com mais uma raridade que n\u00e3o se encontra f\u00e1cil por a\u00ed. Mais uma vez marcando presen\u00e7a em nosso toque musical, temos o grande Moreira da Silva em seu disco &#8220;Manchete do &hellip; <a href=\"https:\/\/www.toque-musicall.com\/?p=787\">Continue lendo <span class=\"meta-nav\">&rarr;<\/span><\/a><\/p>\n","protected":false},"author":1,"featured_media":0,"comment_status":"open","ping_status":"closed","sticky":false,"template":"","format":"standard","meta":{"footnotes":""},"categories":[746],"tags":[],"class_list":["post-787","post","type-post","status-publish","format-standard","hentry","category-moreira-da-silva"],"_links":{"self":[{"href":"https:\/\/www.toque-musicall.com\/index.php?rest_route=\/wp\/v2\/posts\/787","targetHints":{"allow":["GET"]}}],"collection":[{"href":"https:\/\/www.toque-musicall.com\/index.php?rest_route=\/wp\/v2\/posts"}],"about":[{"href":"https:\/\/www.toque-musicall.com\/index.php?rest_route=\/wp\/v2\/types\/post"}],"author":[{"embeddable":true,"href":"https:\/\/www.toque-musicall.com\/index.php?rest_route=\/wp\/v2\/users\/1"}],"replies":[{"embeddable":true,"href":"https:\/\/www.toque-musicall.com\/index.php?rest_route=%2Fwp%2Fv2%2Fcomments&post=787"}],"version-history":[{"count":0,"href":"https:\/\/www.toque-musicall.com\/index.php?rest_route=\/wp\/v2\/posts\/787\/revisions"}],"wp:attachment":[{"href":"https:\/\/www.toque-musicall.com\/index.php?rest_route=%2Fwp%2Fv2%2Fmedia&parent=787"}],"wp:term":[{"taxonomy":"category","embeddable":true,"href":"https:\/\/www.toque-musicall.com\/index.php?rest_route=%2Fwp%2Fv2%2Fcategories&post=787"},{"taxonomy":"post_tag","embeddable":true,"href":"https:\/\/www.toque-musicall.com\/index.php?rest_route=%2Fwp%2Fv2%2Ftags&post=787"}],"curies":[{"name":"wp","href":"https:\/\/api.w.org\/{rel}","templated":true}]}}