{"id":7870,"date":"2020-10-07T08:41:00","date_gmt":"2020-10-07T11:41:00","guid":{"rendered":"http:\/\/www.toque-musicall.com\/?p=7870"},"modified":"2021-01-10T10:07:20","modified_gmt":"2021-01-10T13:07:20","slug":"flavio-carvalho-1980","status":"publish","type":"post","link":"https:\/\/www.toque-musicall.com\/?p=7870","title":{"rendered":"Fl\u00e1vio Carvalho (1980)"},"content":{"rendered":"\n<figure class=\"wp-block-image size-large\"><img decoding=\"async\" src=\"https:\/\/1.bp.blogspot.com\/-_W3DzVW-IAQ\/X4KMKT6BheI\/AAAAAAAASK4\/cTJEAZe1tu8ScE9Zq7bbH2FvxcYNCbYrQCLcBGAsYHQ\/w632-h640\/Anota%25C3%25A7%25C3%25A3o%2B2020-10-11%2B013706.JPG\" alt=\"\"\/><\/figure>\n\n\n\n<figure class=\"wp-block-image size-large\"><img decoding=\"async\" src=\"https:\/\/1.bp.blogspot.com\/-cO0EXf9VRjY\/X4KMKUn5Y7I\/AAAAAAAASK0\/6wgUe9Dsr7855Mw3l32mD-MIiaahKbf_wCLcBGAsYHQ\/w624-h640\/Anota%25C3%25A7%25C3%25A3o%2B2020-10-11%2B013744.JPG\" alt=\"\"\/><\/figure>\n\n\n<p>Bom dia, amigos cultos e ocultos! Hoje o nosso encontro \u00e9 com Fl\u00e1vio Carvalho. Cantor e compositor paulista, conhecido tamb\u00e9m como &#8216;Fl\u00e1vio Ch\u00e3o de Estrelas&#8217;, por conta do programa de TV, no qual foi (ou \u00e9 ainda) o apresentador. Ali\u00e1s, Fl\u00e1vio Carvalho tamb\u00e9m apresentava um programa na TV Gazeta, ao lado de Hel\u00f4 Pinheiro. Fl\u00e1vio come\u00e7ou sua carreira a partir da d\u00e9cada de 70. Teve sua m\u00fasica &#8220;Nada na cuca&#8221; como tema da novela &#8220;Um dia, o amor&#8221;, da antiga TV Tupi, em 1975 e que lhe rendeu o pr\u00e9mio Globo de Ouro. Trabalhou tamb\u00e9m na cria\u00e7\u00e3o de trilhas sonoras e jingles. O artista, ao longo de sua carreira j\u00e1 gravou uns dez discos, sendo os primeiros na fase do vinil. O disco que apresentamos foi seu primeiro lp, lan\u00e7ado de forma independente, em 1980. Sem d\u00favida, um disco muito bonito e bem produzido e pelo fato de ser independente torna-se raro, dif\u00edcil de se ver e ouvir por a\u00ed. Vale a pena conferir&#8230;<\/p>\n<div>na varanda<\/div>\n<div>fuga n\u00ba1<\/div>\n<div>pr\u00e1 s\u00e3o paulo<\/div>\n<div>deixa pr\u00e1 l\u00e1<\/div>\n<div>noite de s\u00e3o jo\u00e3o<\/div>\n<div>do jeito que voc\u00ea \u00e9<\/div>\n<div>dom de me encantar<\/div>\n<div>vou brincar de envelhecer<\/div>\n<div>conto de fada<\/div>\n<div>bye bye<\/div>\n<div>&nbsp;<\/div>\n<div>&nbsp;<\/div>\n<div>.<\/div>\n\n\n<p><\/p>\n","protected":false},"excerpt":{"rendered":"<p>Bom dia, amigos cultos e ocultos! Hoje o nosso encontro \u00e9 com Fl\u00e1vio Carvalho. Cantor e compositor paulista, conhecido tamb\u00e9m como &#8216;Fl\u00e1vio Ch\u00e3o de Estrelas&#8217;, por conta do programa de TV, no qual foi (ou \u00e9 ainda) o apresentador. Ali\u00e1s, &hellip; <a href=\"https:\/\/www.toque-musicall.com\/?p=7870\">Continue lendo <span class=\"meta-nav\">&rarr;<\/span><\/a><\/p>\n","protected":false},"author":1,"featured_media":0,"comment_status":"closed","ping_status":"closed","sticky":false,"template":"","format":"standard","meta":{"footnotes":""},"categories":[3952,25],"tags":[4208,3017],"class_list":["post-7870","post","type-post","status-publish","format-standard","hentry","category-flavio-carvalho","category-selo-independente","tag-flavio-carvalho","tag-selo-independente"],"_links":{"self":[{"href":"https:\/\/www.toque-musicall.com\/index.php?rest_route=\/wp\/v2\/posts\/7870","targetHints":{"allow":["GET"]}}],"collection":[{"href":"https:\/\/www.toque-musicall.com\/index.php?rest_route=\/wp\/v2\/posts"}],"about":[{"href":"https:\/\/www.toque-musicall.com\/index.php?rest_route=\/wp\/v2\/types\/post"}],"author":[{"embeddable":true,"href":"https:\/\/www.toque-musicall.com\/index.php?rest_route=\/wp\/v2\/users\/1"}],"replies":[{"embeddable":true,"href":"https:\/\/www.toque-musicall.com\/index.php?rest_route=%2Fwp%2Fv2%2Fcomments&post=7870"}],"version-history":[{"count":2,"href":"https:\/\/www.toque-musicall.com\/index.php?rest_route=\/wp\/v2\/posts\/7870\/revisions"}],"predecessor-version":[{"id":7872,"href":"https:\/\/www.toque-musicall.com\/index.php?rest_route=\/wp\/v2\/posts\/7870\/revisions\/7872"}],"wp:attachment":[{"href":"https:\/\/www.toque-musicall.com\/index.php?rest_route=%2Fwp%2Fv2%2Fmedia&parent=7870"}],"wp:term":[{"taxonomy":"category","embeddable":true,"href":"https:\/\/www.toque-musicall.com\/index.php?rest_route=%2Fwp%2Fv2%2Fcategories&post=7870"},{"taxonomy":"post_tag","embeddable":true,"href":"https:\/\/www.toque-musicall.com\/index.php?rest_route=%2Fwp%2Fv2%2Ftags&post=7870"}],"curies":[{"name":"wp","href":"https:\/\/api.w.org\/{rel}","templated":true}]}}