{"id":7875,"date":"2020-10-09T07:18:00","date_gmt":"2020-10-09T10:18:00","guid":{"rendered":"http:\/\/www.toque-musicall.com\/?p=7875"},"modified":"2020-10-12T07:22:32","modified_gmt":"2020-10-12T10:22:32","slug":"quarteto-novo-1967","status":"publish","type":"post","link":"https:\/\/www.toque-musicall.com\/?p=7875","title":{"rendered":"Quarteto Novo (1967)"},"content":{"rendered":"\n<figure class=\"wp-block-image size-large\"><img decoding=\"async\" src=\"https:\/\/1.bp.blogspot.com\/-ssMj5BJc5lQ\/X4QhlE7LvxI\/AAAAAAAASLg\/6ec_1vgKyUQZ36XYqd3rVaoKOQ3fzH_4QCLcBGAsYHQ\/w638-h640\/Anota%25C3%25A7%25C3%25A3o%2B2020-10-12%2B062324.JPG\" alt=\"\"\/><\/figure>\n\n\n\n<figure class=\"wp-block-image size-large\"><img decoding=\"async\" src=\"https:\/\/1.bp.blogspot.com\/-vPZcgeFui_A\/X4QhreX8ZXI\/AAAAAAAASLk\/dljXUjg8uisH8VnmqIiRDJ0eAncLf2kqQCLcBGAsYHQ\/w638-h640\/Anota%25C3%25A7%25C3%25A3o%2B2020-10-12%2B062434.JPG\" alt=\"\"\/><\/figure>\n\n\n<p>Bom dia a todos, amigos cultos e ocultos! Ap\u00f3s mais de uma d\u00e9cada postando diariamente um disco, chega uma hora em que a gente perde um pouco a no\u00e7\u00e3o do que j\u00e1 foi publicado e tamb\u00e9m o que n\u00e3o foi. Entre os muitos que ainda n\u00e3o postei, eis aqui essa joinha, este disco que \u00e9 simplesmente maravilhoso e que, claro, n\u00e3o poderia faltar aqui em nosso acervo. Finalmente, chegou a vez dele, o Quarteto Novo! E para quem n\u00e3o o conhece, vamos l\u00e1&#8230; O Quarteto Novo foi um conjunto de m\u00fasica instrumental formado em 1966, em S\u00e3o Paulo. Inicialmente, como um trio, o Trio Novo, concebido para acompanhar o cantor e compositor Geraldo Vandr\u00e9 em grava\u00e7\u00f5es e apresenta\u00e7\u00f5es. Inclusive est\u00e3o presentes no bel\u00edssimo &#8220;Canto Geral&#8221;. O trio era formado, nada mais, nada menos, por Theo de Barros (contrabaixo e viol\u00e3o), Airto Moreira (bateria e percuss\u00e3o) e Heraldo do Monte (viola e guitarra). Mas logo viria o quarto elemento, Hermeto Pascoal, incrementando o grupo com uma flauta.. Estava formado o super grupo, o Quarteto Novo. E foi logo a\u00ed, em 67 que ele gravou pela Odeon este disco que hoje \u00e9 uma das mais bonitas obras da m\u00fasica instrumental brasileira. Um disco realmente e literalmente \u00fanico e na minha concep\u00e7\u00e3o, um trabalho que merecia maior aten\u00e7\u00e3o e divulga\u00e7\u00e3o. Nunca voltou a ser reeditado a n\u00e3o ser em 1973 e j\u00e1 com uma outra capa. Se tornou um disco raro, cobi\u00e7ado por colecionadores e principalmente para negociantes que hoje veem no com\u00e9rcio do vinil uma excelente fonte de renda. Infelizmente, o quarteto n\u00e3o durou muito tempo, em 69 ele se desfez. Cada um de seus membros j\u00e1 tinha l\u00e1 um caminho a seguir. Este \u00e1lbum tamb\u00e9m se tornou cobi\u00e7ado por conta do interesse internacional, estava ali pela primeira vez um disco de m\u00fasica instrumental brasileira com elementos da m\u00fasica regional nordestina. Um disco instigante, sofisticado e com arranjos cuja sonoridade tem influenciado compositores de v\u00e1rias partes do mundo. Ta\u00ed uma raz\u00e3o pela qual este lp n\u00e3o poderia nos faltar. Por certo, boa parte do nosso p\u00fablico amigo, culto o oculto, j\u00e1 deve conhecer. Mas, o que \u00e9 bom a gente sempre quer de novo, ainda mais esse Quarteto Novo, n\u00e3o \u00e9 mesmo? Confiram no GTM&#8230;<\/p>\n<div>o ovo<\/div>\n<div>fica mal com deus<\/div>\n<div>canto geral<\/div>\n<div>algod\u00e3o<\/div>\n<div>canta maria<\/div>\n<div>s\u00edntese<\/div>\n<div>misturada<\/div>\n<div>vim de santana<\/div>\n<div>\u00a0<\/div>\n<div>\u00a0<\/div>\n<div>.<\/div>\n\n\n<p><\/p>\n","protected":false},"excerpt":{"rendered":"<p>Bom dia a todos, amigos cultos e ocultos! Ap\u00f3s mais de uma d\u00e9cada postando diariamente um disco, chega uma hora em que a gente perde um pouco a no\u00e7\u00e3o do que j\u00e1 foi publicado e tamb\u00e9m o que n\u00e3o foi. &hellip; <a href=\"https:\/\/www.toque-musicall.com\/?p=7875\">Continue lendo <span class=\"meta-nav\">&rarr;<\/span><\/a><\/p>\n","protected":false},"author":1,"featured_media":0,"comment_status":"closed","ping_status":"closed","sticky":false,"template":"","format":"standard","meta":{"footnotes":""},"categories":[3956,86],"tags":[3955,3153],"class_list":["post-7875","post","type-post","status-publish","format-standard","hentry","category-quarteto-novo","category-selo-odeon","tag-quarteto-novo","tag-selo-odeon"],"_links":{"self":[{"href":"https:\/\/www.toque-musicall.com\/index.php?rest_route=\/wp\/v2\/posts\/7875","targetHints":{"allow":["GET"]}}],"collection":[{"href":"https:\/\/www.toque-musicall.com\/index.php?rest_route=\/wp\/v2\/posts"}],"about":[{"href":"https:\/\/www.toque-musicall.com\/index.php?rest_route=\/wp\/v2\/types\/post"}],"author":[{"embeddable":true,"href":"https:\/\/www.toque-musicall.com\/index.php?rest_route=\/wp\/v2\/users\/1"}],"replies":[{"embeddable":true,"href":"https:\/\/www.toque-musicall.com\/index.php?rest_route=%2Fwp%2Fv2%2Fcomments&post=7875"}],"version-history":[{"count":2,"href":"https:\/\/www.toque-musicall.com\/index.php?rest_route=\/wp\/v2\/posts\/7875\/revisions"}],"predecessor-version":[{"id":7877,"href":"https:\/\/www.toque-musicall.com\/index.php?rest_route=\/wp\/v2\/posts\/7875\/revisions\/7877"}],"wp:attachment":[{"href":"https:\/\/www.toque-musicall.com\/index.php?rest_route=%2Fwp%2Fv2%2Fmedia&parent=7875"}],"wp:term":[{"taxonomy":"category","embeddable":true,"href":"https:\/\/www.toque-musicall.com\/index.php?rest_route=%2Fwp%2Fv2%2Fcategories&post=7875"},{"taxonomy":"post_tag","embeddable":true,"href":"https:\/\/www.toque-musicall.com\/index.php?rest_route=%2Fwp%2Fv2%2Ftags&post=7875"}],"curies":[{"name":"wp","href":"https:\/\/api.w.org\/{rel}","templated":true}]}}