{"id":788,"date":"2010-07-12T10:56:00","date_gmt":"2010-07-12T10:56:00","guid":{"rendered":"http:\/\/www.toque-musicall.com\/?p=788"},"modified":"2010-07-12T10:56:00","modified_gmt":"2010-07-12T10:56:00","slug":"sergio-mendes-and-the-new-brasil-77-1977","status":"publish","type":"post","link":"https:\/\/www.toque-musicall.com\/?p=788","title":{"rendered":"Sergio Mendes And The New Brasil &#8217;77 (1977)"},"content":{"rendered":"<p><a href=\"http:\/\/3.bp.blogspot.com\/_DSKVEvHtskc\/TDr1ZVY1NiI\/AAAAAAAAGv4\/_Bc7mD_adfY\/s1600\/sergio+mendes+P.JPG\"><img decoding=\"async\" style=\"TEXT-ALIGN: center; MARGIN: 0px auto 10px; WIDTH: 400px; DISPLAY: block; HEIGHT: 398px; CURSOR: hand\" id=\"BLOGGER_PHOTO_ID_5492972511118571042\" border=\"0\" alt=\"\" src=\"http:\/\/3.bp.blogspot.com\/_DSKVEvHtskc\/TDr1ZVY1NiI\/AAAAAAAAGv4\/_Bc7mD_adfY\/s400\/sergio+mendes+P.JPG\" \/><\/a><a href=\"http:\/\/3.bp.blogspot.com\/_DSKVEvHtskc\/TDr1RCbK9RI\/AAAAAAAAGvw\/zDkm7FUbXdE\/s1600\/sergio+mendes+p2.JPG\"><img decoding=\"async\" style=\"TEXT-ALIGN: center; MARGIN: 0px auto 10px; WIDTH: 400px; DISPLAY: block; HEIGHT: 397px; CURSOR: hand\" id=\"BLOGGER_PHOTO_ID_5492972368589157650\" border=\"0\" alt=\"\" src=\"http:\/\/3.bp.blogspot.com\/_DSKVEvHtskc\/TDr1RCbK9RI\/AAAAAAAAGvw\/zDkm7FUbXdE\/s400\/sergio+mendes+p2.JPG\" \/><\/a>Bom dia a todos! Enfim a Copa do Mundo acabou. O Brasil precisou sair antes da hora para garantir de vez o direito de sediar o pr\u00f3ximo evento em 2014. Dizem que a CBF vem pagando isso desde a Copa de 2006. Se \u00e9 verdade ou n\u00e3o, eu n\u00e3o posso afirmar, mas vou no boato. Seja como for, fica aqui os meus parab\u00e9ns \u00e0 Sele\u00e7\u00e3o da Espanha, que literalmente suou a camisa para chegar onde chegou. Quanto ao Brasil, vamos continuar sonhando&#8230;<br \/>Este disco do S\u00e9rgio Mendes j\u00e1 estava separado, exatamente para o dia em que o Brasil se ferrou nos p\u00e9s dos holandeses. Como todos, fiquei super chateado e acabei me esquecendo de post\u00e1-lo. O presente \u00e1lbum pode ser entendido como uma analogia \u00e0 situa\u00e7\u00e3o da nossa sele\u00e7\u00e3o. Come\u00e7ando pela capa, temos um &#8216;escrete de ouro&#8217;, cheio de feras, mas todos &#8216;estrangeiros&#8217;. Nosso goleiro, S\u00e9rgio Mendes, resolve bater de ju\u00edz e passa a camisa para o convidado especial, Stevie Wonder. Este por sua vez n\u00e3o viu a bola e tomou de cara dois gols. A arte dessas feras j\u00e1 n\u00e3o convence os brasileiros, eles n\u00e3o falam a nossa l\u00edngua. A contracapa \u00e9 talvez a melhor representa\u00e7\u00e3o, o Brasil se ferrou! H\u00e1 tamb\u00e9m o encarte, que n\u00e3o coloquei aqui, mas nele h\u00e1 uma foto do Pel\u00e9 como um m\u00e9dico, levando o S\u00e9rgio Mendes numa cadeira de rodas. S\u00f3 mesmo o Rei para salvar a situa\u00e7\u00e3o. Definitivamente, este n\u00e3o \u00e9 um disco brasileiro. Mas dentro dessa compara\u00e7\u00e3o, fica bem claro que a bola j\u00e1 n\u00e3o est\u00e1 mais em nossas m\u00e3os e nem nos p\u00e9s. Diziam que o S\u00e9rgio Mendes era um vendido, mas vendidos mesmo foram os nossos jogadores. Vendidos e comprados&#8230;<\/p>\n<div align=\"center\">love me tomorrow<\/div>\n<div align=\"center\">love city<\/div>\n<div align=\"center\">mozambique<\/div>\n<div align=\"center\">if you leave me now<\/div>\n<div align=\"center\">peninsula<\/div>\n<div align=\"center\">why<\/div>\n<div align=\"center\">the real thing<\/div>\n<div align=\"center\">p-ka-boo<\/div>\n<div align=\"center\">life<\/div>\n<div align=\"center\"> <\/div>\n<div align=\"center\"> <\/div>\n","protected":false},"excerpt":{"rendered":"<p>Bom dia a todos! Enfim a Copa do Mundo acabou. O Brasil precisou sair antes da hora para garantir de vez o direito de sediar o pr\u00f3ximo evento em 2014. Dizem que a CBF vem pagando isso desde a Copa &hellip; <a href=\"https:\/\/www.toque-musicall.com\/?p=788\">Continue lendo <span class=\"meta-nav\">&rarr;<\/span><\/a><\/p>\n","protected":false},"author":1,"featured_media":0,"comment_status":"open","ping_status":"closed","sticky":false,"template":"","format":"standard","meta":{"footnotes":""},"categories":[563],"tags":[],"class_list":["post-788","post","type-post","status-publish","format-standard","hentry","category-sergio-mendes"],"_links":{"self":[{"href":"https:\/\/www.toque-musicall.com\/index.php?rest_route=\/wp\/v2\/posts\/788","targetHints":{"allow":["GET"]}}],"collection":[{"href":"https:\/\/www.toque-musicall.com\/index.php?rest_route=\/wp\/v2\/posts"}],"about":[{"href":"https:\/\/www.toque-musicall.com\/index.php?rest_route=\/wp\/v2\/types\/post"}],"author":[{"embeddable":true,"href":"https:\/\/www.toque-musicall.com\/index.php?rest_route=\/wp\/v2\/users\/1"}],"replies":[{"embeddable":true,"href":"https:\/\/www.toque-musicall.com\/index.php?rest_route=%2Fwp%2Fv2%2Fcomments&post=788"}],"version-history":[{"count":0,"href":"https:\/\/www.toque-musicall.com\/index.php?rest_route=\/wp\/v2\/posts\/788\/revisions"}],"wp:attachment":[{"href":"https:\/\/www.toque-musicall.com\/index.php?rest_route=%2Fwp%2Fv2%2Fmedia&parent=788"}],"wp:term":[{"taxonomy":"category","embeddable":true,"href":"https:\/\/www.toque-musicall.com\/index.php?rest_route=%2Fwp%2Fv2%2Fcategories&post=788"},{"taxonomy":"post_tag","embeddable":true,"href":"https:\/\/www.toque-musicall.com\/index.php?rest_route=%2Fwp%2Fv2%2Ftags&post=788"}],"curies":[{"name":"wp","href":"https:\/\/api.w.org\/{rel}","templated":true}]}}