{"id":7880,"date":"2020-10-10T00:27:00","date_gmt":"2020-10-10T03:27:00","guid":{"rendered":"http:\/\/www.toque-musicall.com\/?p=7880"},"modified":"2021-01-10T10:06:57","modified_gmt":"2021-01-10T13:06:57","slug":"6-de-samba-1969","status":"publish","type":"post","link":"https:\/\/www.toque-musicall.com\/?p=7880","title":{"rendered":"6 De Samba (1969)"},"content":{"rendered":"\n<figure class=\"wp-block-image size-large\"><img decoding=\"async\" src=\"https:\/\/1.bp.blogspot.com\/-95sfd2prAQ8\/X4eSuJThu-I\/AAAAAAAASMc\/nXFcH_avN2cdEwRfHfsGqE3vmZi2ZBCzwCLcBGAsYHQ\/w640-h640\/Anota%25C3%25A7%25C3%25A3o%2B2020-10-14%2B205902.JPG\" alt=\"\"\/><\/figure>\n\n\n\n<figure class=\"wp-block-image size-large\"><img decoding=\"async\" src=\"https:\/\/1.bp.blogspot.com\/-Lk62PMxY2_Y\/X4eSqiAKNJI\/AAAAAAAASMY\/foWKkP-VGiI-G1chPcwjlkW7ZeERviEcgCLcBGAsYHQ\/w638-h640\/Anota%25C3%25A7%25C3%25A3o%2B2020-10-14%2B210154.jpg\" alt=\"\"\/><\/figure>\n\n\n<p>Boa noite, caros amigos cultos e ocultos! Para quem gosta de Dem\u00f4nios da Garoa, eis aqui um grupo bem parecido. Ali\u00e1s, oriundo da mesma S\u00e3o Paulo e tamb\u00e9m parte da hist\u00f3ria do samba paulista. Este grupo, 6 de Samba surgiu na cena do samba paulista seguindo as mesmas trilhas do consagrado grupo Os Dem\u00f4nios da Gar\u00f4a, tanto na escolha de repert\u00f3rio quanto no estilo. O disco n\u00e3o poderia deixar de ser bom, com muita m\u00fasica de compositores como Ivan Pires, Doca e Adoniran Barbosa. Ao que se sabe este grupo s\u00f3 gravou este disco. Vale a pena conhecer&#8230;<\/p>\n<p>resposta a benedita lavadeira<\/p>\n<p>um samba na barra funda<\/p>\n<p>iracema<\/p>\n<p>trem das onze<\/p>\n<p>samba do dito<\/p>\n<p>bola de meia<\/p>\n<p>te dei a m\u00e3o<\/p>\n<p>a bronca do patr\u00e3o<\/p>\n<p>lei do inquilinato<\/p>\n<p>z\u00e9 baixinho<\/p>\n<p>samba da marmita<\/p>\n<p>alfredo qual \u00e9 a rima<\/p>\n<p>.<\/p>\n\n\n<p><\/p>\n","protected":false},"excerpt":{"rendered":"<p>Boa noite, caros amigos cultos e ocultos! Para quem gosta de Dem\u00f4nios da Garoa, eis aqui um grupo bem parecido. Ali\u00e1s, oriundo da mesma S\u00e3o Paulo e tamb\u00e9m parte da hist\u00f3ria do samba paulista. Este grupo, 6 de Samba surgiu &hellip; <a href=\"https:\/\/www.toque-musicall.com\/?p=7880\">Continue lendo <span class=\"meta-nav\">&rarr;<\/span><\/a><\/p>\n","protected":false},"author":1,"featured_media":0,"comment_status":"closed","ping_status":"closed","sticky":false,"template":"","format":"standard","meta":{"footnotes":""},"categories":[3959,83],"tags":[4207,3723],"class_list":["post-7880","post","type-post","status-publish","format-standard","hentry","category-6-de-samba","category-selo-musicolor","tag-6-de-samba","tag-selo-musicolor"],"_links":{"self":[{"href":"https:\/\/www.toque-musicall.com\/index.php?rest_route=\/wp\/v2\/posts\/7880","targetHints":{"allow":["GET"]}}],"collection":[{"href":"https:\/\/www.toque-musicall.com\/index.php?rest_route=\/wp\/v2\/posts"}],"about":[{"href":"https:\/\/www.toque-musicall.com\/index.php?rest_route=\/wp\/v2\/types\/post"}],"author":[{"embeddable":true,"href":"https:\/\/www.toque-musicall.com\/index.php?rest_route=\/wp\/v2\/users\/1"}],"replies":[{"embeddable":true,"href":"https:\/\/www.toque-musicall.com\/index.php?rest_route=%2Fwp%2Fv2%2Fcomments&post=7880"}],"version-history":[{"count":2,"href":"https:\/\/www.toque-musicall.com\/index.php?rest_route=\/wp\/v2\/posts\/7880\/revisions"}],"predecessor-version":[{"id":7882,"href":"https:\/\/www.toque-musicall.com\/index.php?rest_route=\/wp\/v2\/posts\/7880\/revisions\/7882"}],"wp:attachment":[{"href":"https:\/\/www.toque-musicall.com\/index.php?rest_route=%2Fwp%2Fv2%2Fmedia&parent=7880"}],"wp:term":[{"taxonomy":"category","embeddable":true,"href":"https:\/\/www.toque-musicall.com\/index.php?rest_route=%2Fwp%2Fv2%2Fcategories&post=7880"},{"taxonomy":"post_tag","embeddable":true,"href":"https:\/\/www.toque-musicall.com\/index.php?rest_route=%2Fwp%2Fv2%2Ftags&post=7880"}],"curies":[{"name":"wp","href":"https:\/\/api.w.org\/{rel}","templated":true}]}}