{"id":7883,"date":"2020-10-11T00:35:00","date_gmt":"2020-10-11T03:35:00","guid":{"rendered":"http:\/\/www.toque-musicall.com\/?p=7883"},"modified":"2020-10-15T00:42:06","modified_gmt":"2020-10-15T03:42:06","slug":"kris-cristina-compacto-1973","status":"publish","type":"post","link":"https:\/\/www.toque-musicall.com\/?p=7883","title":{"rendered":"Kris &#038; Cristina &#8211; Compacto (1973)"},"content":{"rendered":"\n<figure class=\"wp-block-image size-large\"><img decoding=\"async\" src=\"https:\/\/1.bp.blogspot.com\/-GYW3D_6lASs\/X4eZhoSHp5I\/AAAAAAAASMw\/LAso8IpvLEcOiPSMLHxkTu5Aoxdbv6F-QCLcBGAsYHQ\/w640-h638\/Anota%25C3%25A7%25C3%25A3o%2B2020-10-14%2B202838.JPG\" alt=\"\"\/><\/figure>\n\n\n\n<figure class=\"wp-block-image size-large\"><img decoding=\"async\" src=\"https:\/\/1.bp.blogspot.com\/-NK6JHEwM144\/X4eZgVRj-mI\/AAAAAAAASMs\/B7c-HqjCmT88jH6u6czY6OKp6B3qnUlKgCLcBGAsYHQ\/w634-h640\/Anota%25C3%25A7%25C3%25A3o%2B2020-10-14%2B202758.JPG\" alt=\"\"\/><\/figure>\n\n\n<p>Ol\u00e1, meus caros amigos cultos e ocultos! Hoje estava eu pesquisando algumas coisas no You Tube, quando me deparei com uma velha trilha de um velho e c\u00e9lebre programa de humor da tv brasileira, o &#8220;Chico City&#8221;, comandado pelo genial Chico An\u00edsio. Foi da\u00ed que me lembrei que eu tenho o disquinho e para n\u00e3o perder tempo j\u00e1 estou postando ele aqui para voc\u00eas. Trata-se de um compacto simples no qual temos a m\u00fasica de abertura do programa, que era &#8220;Isso \u00e9 muito bom&#8221; e &#8220;\u00c9 domingo, \u00e9 domingo&#8221;, as duas composi\u00e7\u00f5es de Chico An\u00edsio e seu eterno parceiro Arnaud Rodrigues. Quem interpreta as m\u00fasicas \u00e9 a dupla Kris e Cristina que antes j\u00e1 havia gravado outro tema de abertura de novela. Ao que parece, ficaram apenas nesses sucessos de tv, por certo seguiram por outros caminhos. Mas, enfim, o disquinho est\u00e1 a\u00ed, pra gente lembrar um pouco dos velhos tempos. Confiram no GTM&#8230;<\/p>\n<p>isso \u00e9 muito bom<\/p>\n<p>\u00e9 domingo, \u00e9 domingo<\/p>\n<p>.<\/p>","protected":false},"excerpt":{"rendered":"<p>Ol\u00e1, meus caros amigos cultos e ocultos! Hoje estava eu pesquisando algumas coisas no You Tube, quando me deparei com uma velha trilha de um velho e c\u00e9lebre programa de humor da tv brasileira, o &#8220;Chico City&#8221;, comandado pelo genial &hellip; <a href=\"https:\/\/www.toque-musicall.com\/?p=7883\">Continue lendo <span class=\"meta-nav\">&rarr;<\/span><\/a><\/p>\n","protected":false},"author":1,"featured_media":0,"comment_status":"closed","ping_status":"closed","sticky":false,"template":"","format":"standard","meta":{"footnotes":""},"categories":[1],"tags":[3072,3960,3061],"class_list":["post-7883","post","type-post","status-publish","format-standard","hentry","category-sem-categoria","tag-compactos","tag-kris-cristina","tag-selo-rca-victor"],"_links":{"self":[{"href":"https:\/\/www.toque-musicall.com\/index.php?rest_route=\/wp\/v2\/posts\/7883","targetHints":{"allow":["GET"]}}],"collection":[{"href":"https:\/\/www.toque-musicall.com\/index.php?rest_route=\/wp\/v2\/posts"}],"about":[{"href":"https:\/\/www.toque-musicall.com\/index.php?rest_route=\/wp\/v2\/types\/post"}],"author":[{"embeddable":true,"href":"https:\/\/www.toque-musicall.com\/index.php?rest_route=\/wp\/v2\/users\/1"}],"replies":[{"embeddable":true,"href":"https:\/\/www.toque-musicall.com\/index.php?rest_route=%2Fwp%2Fv2%2Fcomments&post=7883"}],"version-history":[{"count":1,"href":"https:\/\/www.toque-musicall.com\/index.php?rest_route=\/wp\/v2\/posts\/7883\/revisions"}],"predecessor-version":[{"id":7884,"href":"https:\/\/www.toque-musicall.com\/index.php?rest_route=\/wp\/v2\/posts\/7883\/revisions\/7884"}],"wp:attachment":[{"href":"https:\/\/www.toque-musicall.com\/index.php?rest_route=%2Fwp%2Fv2%2Fmedia&parent=7883"}],"wp:term":[{"taxonomy":"category","embeddable":true,"href":"https:\/\/www.toque-musicall.com\/index.php?rest_route=%2Fwp%2Fv2%2Fcategories&post=7883"},{"taxonomy":"post_tag","embeddable":true,"href":"https:\/\/www.toque-musicall.com\/index.php?rest_route=%2Fwp%2Fv2%2Ftags&post=7883"}],"curies":[{"name":"wp","href":"https:\/\/api.w.org\/{rel}","templated":true}]}}