{"id":7890,"date":"2020-10-14T20:34:00","date_gmt":"2020-10-14T23:34:00","guid":{"rendered":"http:\/\/www.toque-musicall.com\/?p=7890"},"modified":"2020-10-16T20:39:39","modified_gmt":"2020-10-16T23:39:39","slug":"baile-na-roca-1955","status":"publish","type":"post","link":"https:\/\/www.toque-musicall.com\/?p=7890","title":{"rendered":"Baile Na Roca (1955)"},"content":{"rendered":"\n<figure class=\"wp-block-image size-large\"><img decoding=\"async\" src=\"https:\/\/1.bp.blogspot.com\/-XMWMxFhW8MI\/X4olf3-sejI\/AAAAAAAASOI\/rCj1uxjqQeUwsosL4usSqKWvCeskxGXMgCLcBGAsYHQ\/w640-h620\/Anota%25C3%25A7%25C3%25A3o%2B2020-10-14%2B202343.JPG\" alt=\"\"\/><\/figure>\n\n\n\n<figure class=\"wp-block-image size-large\"><img decoding=\"async\" src=\"https:\/\/1.bp.blogspot.com\/-SuDILJLeRZY\/X4olfvGOcqI\/AAAAAAAASOE\/cOH_oAak5QYjh0seREpT7aErLvRsvkrvACLcBGAsYHQ\/w640-h618\/Anota%25C3%25A7%25C3%25A3o%2B2020-10-14%2B202425.JPG\" alt=\"\"\/><\/figure>\n\n\n\n\n\n<p>Boa noite, meus amigos cultos e ocultos! O m\u00eas das festas juninas j\u00e1 passou. Ali\u00e1s, neste ano, nem rolou por conta da pandemia. Tamb\u00e9m n\u00e3o tivemos manifesta\u00e7\u00f5es por aqui como fazemos tradicionalmente. Na verdade, a coisa anda t\u00e3o ruim que a gente n\u00e3o tem mais nem tes\u00e3o para comemorar. Mas, independente de qualquer coisa, aqui estamos n\u00f3s e trazendo justamente um disco de festa junina. Temos aqui este maravilhoso exemplar, disquinho de 10 polegadas lan\u00e7ado pelo selo Copacabana, em 1955. Trata-se de uma colet\u00e2nea reunindo artistas da casa como, Orlando Silveira, Roberto Silva, Black-Out, Alencar Terra, Jorge Goulart e Jorge Veiga. Um disquinho bem legal que voc\u00eas encontram aqui no GTM&#8230;<\/p>\n\n\n\n<p>sele\u00e7\u00f5es de bai\u00e3o &#8211; orlando silveira<\/p>\n\n\n\n<p>o baile come\u00e7a as nove &#8211; roberto silva<\/p>\n\n\n\n<p>ingrata rosinha &#8211; black out<\/p>\n\n\n\n<p>quadrilha &#8211; alencar terra<\/p>\n\n\n\n<p>fogueira &#8211; roberto silva<\/p>\n\n\n\n<p>s\u00e3o jo\u00e3o &#8211; jorge goulart<\/p>\n\n\n\n<p>eu fiz uma prece &#8211; jorge veiga<\/p>\n\n\n\n<p>sele\u00e7\u00f5es de bai\u00e3o &#8211; orlando silveira<\/p>\n\n\n\n<p>.<\/p>\n","protected":false},"excerpt":{"rendered":"<p>Boa noite, meus amigos cultos e ocultos! O m\u00eas das festas juninas j\u00e1 passou. Ali\u00e1s, neste ano, nem rolou por conta da pandemia. Tamb\u00e9m n\u00e3o tivemos manifesta\u00e7\u00f5es por aqui como fazemos tradicionalmente. Na verdade, a coisa anda t\u00e3o ruim que &hellip; <a href=\"https:\/\/www.toque-musicall.com\/?p=7890\">Continue lendo <span class=\"meta-nav\">&rarr;<\/span><\/a><\/p>\n","protected":false},"author":1,"featured_media":0,"comment_status":"closed","ping_status":"closed","sticky":false,"template":"","format":"standard","meta":{"footnotes":""},"categories":[3965,3964,84,1131,9,262,152],"tags":[3967,3968,3108],"class_list":["post-7890","post","type-post","status-publish","format-standard","hentry","category-alencar-terra","category-black-out","category-jorge-goulart","category-jorge-veiga","category-orlando-silveira","category-roberto-silva","category-selo-copacabana","tag-jorge-veiga","tag-roberto-silva","tag-selo-copacabana"],"_links":{"self":[{"href":"https:\/\/www.toque-musicall.com\/index.php?rest_route=\/wp\/v2\/posts\/7890","targetHints":{"allow":["GET"]}}],"collection":[{"href":"https:\/\/www.toque-musicall.com\/index.php?rest_route=\/wp\/v2\/posts"}],"about":[{"href":"https:\/\/www.toque-musicall.com\/index.php?rest_route=\/wp\/v2\/types\/post"}],"author":[{"embeddable":true,"href":"https:\/\/www.toque-musicall.com\/index.php?rest_route=\/wp\/v2\/users\/1"}],"replies":[{"embeddable":true,"href":"https:\/\/www.toque-musicall.com\/index.php?rest_route=%2Fwp%2Fv2%2Fcomments&post=7890"}],"version-history":[{"count":1,"href":"https:\/\/www.toque-musicall.com\/index.php?rest_route=\/wp\/v2\/posts\/7890\/revisions"}],"predecessor-version":[{"id":7891,"href":"https:\/\/www.toque-musicall.com\/index.php?rest_route=\/wp\/v2\/posts\/7890\/revisions\/7891"}],"wp:attachment":[{"href":"https:\/\/www.toque-musicall.com\/index.php?rest_route=%2Fwp%2Fv2%2Fmedia&parent=7890"}],"wp:term":[{"taxonomy":"category","embeddable":true,"href":"https:\/\/www.toque-musicall.com\/index.php?rest_route=%2Fwp%2Fv2%2Fcategories&post=7890"},{"taxonomy":"post_tag","embeddable":true,"href":"https:\/\/www.toque-musicall.com\/index.php?rest_route=%2Fwp%2Fv2%2Ftags&post=7890"}],"curies":[{"name":"wp","href":"https:\/\/api.w.org\/{rel}","templated":true}]}}