{"id":7894,"date":"2020-10-16T07:29:00","date_gmt":"2020-10-16T10:29:00","guid":{"rendered":"http:\/\/www.toque-musicall.com\/?p=7894"},"modified":"2021-01-10T09:48:38","modified_gmt":"2021-01-10T12:48:38","slug":"minha-terra-canta-assim-1969","status":"publish","type":"post","link":"https:\/\/www.toque-musicall.com\/?p=7894","title":{"rendered":"Minha Terra Canta Assim (1969)"},"content":{"rendered":"\n<figure class=\"wp-block-image size-large\"><img decoding=\"async\" src=\"https:\/\/1.bp.blogspot.com\/-TMPme9m8elQ\/X4q4vxJQq5I\/AAAAAAAASPA\/nruVeG9aXMAOp24m0lhcR3STjuWIVQwqQCLcBGAsYHQ\/w640-h634\/Anota%25C3%25A7%25C3%25A3o%2B2020-10-14%2B203057.JPG\" alt=\"\"\/><\/figure>\n\n\n\n<figure class=\"wp-block-image size-large\"><img decoding=\"async\" src=\"https:\/\/1.bp.blogspot.com\/-5YDchdZj5PE\/X4q4tRJkv7I\/AAAAAAAASO8\/7YOJr6keBU0ZOTXYE8CWOC_Rtj71aHySQCLcBGAsYHQ\/w640-h640\/Anota%25C3%25A7%25C3%25A3o%2B2020-10-14%2B203006.JPG\" alt=\"\"\/><\/figure>\n\n\n<p>Bom dia todos, amigos cultos e ocultos! Sempre em busca de alguma coisa diferente para postar aqui, desta vez eu achei este lp, produ\u00e7\u00e3o mineira, disco lan\u00e7ado pela Bemol, supostamente lan\u00e7ado no final dos anos 60, ou in\u00edcio dos 70. Infelizmente os disco da Bemol nunca traziam data de lan\u00e7amento, uma pena. Mas, enfim, trata-se de uma colet\u00e2nea, uma sele\u00e7\u00e3o de cantores e compositores de Minas Gerais. Um disco feito pelo Lions Clube da cidade de Patos de Minas que na \u00e9poca bancou essa produ\u00e7\u00e3o e como diz o texto de contracapa, &#8220;transformou em realidade o sonho de alguns compositores e o devaneio de alguns cantores.&#8221; H\u00e1 de lembrar ainda que nossos cantores s\u00e3o acompanhados pelo cavaquinista Waldir Silva e pelo conjunto Os Rebeldes. Enfim, \u00e9 um disco interessante, pelo menos pela curiosidade que desperta. Querem conhecer? Chega l\u00e1 no GTM \ud83d\ude42<\/p>\n<p>samba de dois &#8211; generino luis e sonia maria<\/p>\n<p>tudo \u00e9 ilus\u00e3o &#8211; olivar noronha<\/p>\n<p>m\u00e1goa &#8211; alda borges<\/p>\n<p>mal de amor &#8211; generino luis<\/p>\n<p>sua can\u00e7\u00e3o &#8211; waldir carvalho<\/p>\n<p>lua nova vers\u00e3o &#8211; cloves otone<\/p>\n<p>pensando em voc\u00ea &#8211; celina borges<\/p>\n<p>can\u00e7\u00e3o do jardineiro &#8211; waldir carvalho<\/p>\n<p>l\u00e1grimas de saudade &#8211; generino luis<\/p>\n<p>o camponio &#8211; celina e alda borges<\/p>\n<p>leonora &#8211; sonia maria neves<\/p>\n<p>noite de natal &#8211; gaspar severo sousa<\/p>\n<p>.<\/p>\n\n\n<p><\/p>\n","protected":false},"excerpt":{"rendered":"<p>Bom dia todos, amigos cultos e ocultos! Sempre em busca de alguma coisa diferente para postar aqui, desta vez eu achei este lp, produ\u00e7\u00e3o mineira, disco lan\u00e7ado pela Bemol, supostamente lan\u00e7ado no final dos anos 60, ou in\u00edcio dos 70. &hellip; <a href=\"https:\/\/www.toque-musicall.com\/?p=7894\">Continue lendo <span class=\"meta-nav\">&rarr;<\/span><\/a><\/p>\n","protected":false},"author":1,"featured_media":0,"comment_status":"closed","ping_status":"closed","sticky":false,"template":"","format":"standard","meta":{"footnotes":""},"categories":[3969,257],"tags":[4206,3397],"class_list":["post-7894","post","type-post","status-publish","format-standard","hentry","category-minha-terra-canta-assim","category-selo-bemol","tag-minha-terra-canta-assim","tag-selo-bemol"],"_links":{"self":[{"href":"https:\/\/www.toque-musicall.com\/index.php?rest_route=\/wp\/v2\/posts\/7894","targetHints":{"allow":["GET"]}}],"collection":[{"href":"https:\/\/www.toque-musicall.com\/index.php?rest_route=\/wp\/v2\/posts"}],"about":[{"href":"https:\/\/www.toque-musicall.com\/index.php?rest_route=\/wp\/v2\/types\/post"}],"author":[{"embeddable":true,"href":"https:\/\/www.toque-musicall.com\/index.php?rest_route=\/wp\/v2\/users\/1"}],"replies":[{"embeddable":true,"href":"https:\/\/www.toque-musicall.com\/index.php?rest_route=%2Fwp%2Fv2%2Fcomments&post=7894"}],"version-history":[{"count":1,"href":"https:\/\/www.toque-musicall.com\/index.php?rest_route=\/wp\/v2\/posts\/7894\/revisions"}],"predecessor-version":[{"id":7895,"href":"https:\/\/www.toque-musicall.com\/index.php?rest_route=\/wp\/v2\/posts\/7894\/revisions\/7895"}],"wp:attachment":[{"href":"https:\/\/www.toque-musicall.com\/index.php?rest_route=%2Fwp%2Fv2%2Fmedia&parent=7894"}],"wp:term":[{"taxonomy":"category","embeddable":true,"href":"https:\/\/www.toque-musicall.com\/index.php?rest_route=%2Fwp%2Fv2%2Fcategories&post=7894"},{"taxonomy":"post_tag","embeddable":true,"href":"https:\/\/www.toque-musicall.com\/index.php?rest_route=%2Fwp%2Fv2%2Ftags&post=7894"}],"curies":[{"name":"wp","href":"https:\/\/api.w.org\/{rel}","templated":true}]}}